{"id":3981,"date":"2018-09-04T11:11:15","date_gmt":"2018-09-04T09:11:15","guid":{"rendered":"http:\/\/www.fannywalz.com\/fw\/?p=3981"},"modified":"2024-05-16T17:19:57","modified_gmt":"2024-05-16T15:19:57","slug":"cest-la-rentree-creation-graphique-lettres-peintes-strasbourg-edition","status":"publish","type":"post","link":"http:\/\/www.fannywalz.com\/fw\/cest-la-rentree-creation-graphique-lettres-peintes-strasbourg-edition\/","title":{"rendered":"C&rsquo;est la rentr\u00e9e !"},"content":{"rendered":"<p>Je profite de ce jour de rentr\u00e9e pour faire le point sur mon activit\u00e9 et regarder un peu en arri\u00e8re. Cela fait <span style=\"color: #ed7889;\">10 ans<\/span> que je r\u00e9alise des projets graphiques tr\u00e8s vari\u00e9s. C&rsquo;est un <span style=\"color: #ed7889;\">anniversaire<\/span> heureux ! Dix ann\u00e9es riches en cr\u00e9ation qui ouvrent la porte \u00e0 d&rsquo;autres beaux projets \u00e0 venir, je m&rsquo;en r\u00e9jouis\u2026<\/p>\n<p>Dix ann\u00e9es, <span style=\"color: #ed7889;\">l&rsquo;heure du bilan <\/span>?<\/p>\n<h2>Petit flash back<\/h2>\n<p>Apr\u00e8s une formation en <span style=\"color: #ed7889;\">multim\u00e9dia<\/span>, mordue de programmation et de codes \u00e0 tout-va, je poursuis mes \u00e9tudes en <span style=\"color: #ed7889;\">design graphique<\/span> en Angleterre. J&rsquo;int\u00e8gre par la suite un cursus \u00e0 l&rsquo;\u00c9cole des Beaux-Arts de Besan\u00e7on dans laquelle j&rsquo;apprends l&rsquo;histoire de l&rsquo;art, la photographie argentique, l&rsquo;impression typographique, la cr\u00e9ation de <span style=\"color: #ed7889;\">caract\u00e8re typographique<\/span>, etc.<\/p>\n<p>Mes solides connaissances <span style=\"color: #ed7889;\">informatiques<\/span> me permettront ensuite d&rsquo;associer cr\u00e9ations manuelles et applications num\u00e9riques (et ne me fera pas regretter mon passage par l&rsquo;\u00e9cole class\u00e9e 5<sup>e<\/sup> au palmar\u00e8s des \u00e9coles du web par <a href=\"http:\/\/src-media.com\/actualites\/src-montbeliard-5eme-au-palmares-ecoles-du-web\" target=\"_blank\" rel=\"noopener\">Le Figaro<\/a> en 2013).<\/p>\n<p>Je d\u00e9marre alors ma vie professionnelle en 2008 avec une <span style=\"color: #ed7889;\">collaboration <\/span>avec <span style=\"color: #ed7889;\">Peter Knapp<\/span> pour la r\u00e9alisation de l&rsquo;ouvrage <a href=\"http:\/\/www.fannywalz.com\/fw\/portfolio\/livre-vincent-van-gogh-auvers-peter-knapp-edition-chene\/\" target=\"_blank\" rel=\"noopener\">Vincent van Gogh \u00e0 Auvers.<\/a><br \/>\n<a href=\"http:\/\/www.fannywalz.com\/fw\/portfolio\/livre-vincent-van-gogh-auvers-peter-knapp-edition-chene\/\" target=\"_blank\" rel=\"noopener\"><br \/>\n<img loading=\"lazy\" decoding=\"async\" data-attachment-id=\"4103\" data-permalink=\"http:\/\/www.fannywalz.com\/fw\/cest-la-rentree-creation-graphique-lettres-peintes-strasbourg-edition\/vincent-van-gpgh-auvers-fanny-walz-peter-knapp\/\" data-orig-file=\"https:\/\/i0.wp.com\/www.fannywalz.com\/fw\/wp-content\/uploads\/2018\/09\/vincent-van-gpgh-auvers-fanny-walz-peter-knapp-1-1.jpg?fit=1004%2C794\" data-orig-size=\"1004,794\" data-comments-opened=\"0\" data-image-meta=\"{&quot;aperture&quot;:&quot;0&quot;,&quot;credit&quot;:&quot;&quot;,&quot;camera&quot;:&quot;&quot;,&quot;caption&quot;:&quot;&quot;,&quot;created_timestamp&quot;:&quot;0&quot;,&quot;copyright&quot;:&quot;&quot;,&quot;focal_length&quot;:&quot;0&quot;,&quot;iso&quot;:&quot;0&quot;,&quot;shutter_speed&quot;:&quot;0&quot;,&quot;title&quot;:&quot;&quot;,&quot;orientation&quot;:&quot;1&quot;}\" data-image-title=\"vincent-van-gpgh-auvers-fanny-walz-peter-knapp&#8211;\" data-image-description=\"\" data-image-caption=\"\" data-medium-file=\"https:\/\/i0.wp.com\/www.fannywalz.com\/fw\/wp-content\/uploads\/2018\/09\/vincent-van-gpgh-auvers-fanny-walz-peter-knapp-1-1.jpg?fit=500%2C395\" data-large-file=\"https:\/\/i0.wp.com\/www.fannywalz.com\/fw\/wp-content\/uploads\/2018\/09\/vincent-van-gpgh-auvers-fanny-walz-peter-knapp-1-1.jpg?fit=480%2C380\" class=\"aligncenter size-full wp-image-4103\" src=\"https:\/\/i0.wp.com\/www.fannywalz.com\/fw\/wp-content\/uploads\/2018\/09\/vincent-van-gpgh-auvers-fanny-walz-peter-knapp-1-1.jpg?resize=480%2C380\" alt=\"Projet Vincent van Gogh \u00e0 Auvers\" width=\"480\" height=\"380\" srcset=\"https:\/\/i0.wp.com\/www.fannywalz.com\/fw\/wp-content\/uploads\/2018\/09\/vincent-van-gpgh-auvers-fanny-walz-peter-knapp-1-1.jpg?w=1004 1004w, https:\/\/i0.wp.com\/www.fannywalz.com\/fw\/wp-content\/uploads\/2018\/09\/vincent-van-gpgh-auvers-fanny-walz-peter-knapp-1-1.jpg?resize=250%2C198 250w, https:\/\/i0.wp.com\/www.fannywalz.com\/fw\/wp-content\/uploads\/2018\/09\/vincent-van-gpgh-auvers-fanny-walz-peter-knapp-1-1.jpg?resize=500%2C395 500w, https:\/\/i0.wp.com\/www.fannywalz.com\/fw\/wp-content\/uploads\/2018\/09\/vincent-van-gpgh-auvers-fanny-walz-peter-knapp-1-1.jpg?resize=700%2C554 700w, https:\/\/i0.wp.com\/www.fannywalz.com\/fw\/wp-content\/uploads\/2018\/09\/vincent-van-gpgh-auvers-fanny-walz-peter-knapp-1-1.jpg?resize=738%2C584 738w, https:\/\/i0.wp.com\/www.fannywalz.com\/fw\/wp-content\/uploads\/2018\/09\/vincent-van-gpgh-auvers-fanny-walz-peter-knapp-1-1.jpg?resize=996%2C788 996w\" sizes=\"(max-width: 480px) 100vw, 480px\" data-recalc-dims=\"1\" \/><\/a><\/p>\n<p>Depuis je m&rsquo;investis pleinement dans la <span style=\"color: #ed7889;\">cr\u00e9ation \u00e9ditoriale<\/span>, tout en mettant \u00e0 l&rsquo;honneur la <span style=\"color: #ed7889;\">lettre<\/span> et la vari\u00e9t\u00e9 des <span style=\"color: #ed7889;\">cr\u00e9ations typographiques<\/span> qui apporte toute l&rsquo;\u00e9nergie \u00e0 une composition graphique.<\/p>\n<p>D\u00e8s lors, quand on me donne carte blanche, je m&rsquo;amuse \u00e0 faire <span style=\"color: #ed7889;\">danser les blocs<\/span>\u2026<\/p>\n<p><a href=\"http:\/\/www.fannywalz.com\/fw\/portfolio\/edition-magazine-le-genou-de-peter-knapp\/\"><img loading=\"lazy\" decoding=\"async\" data-attachment-id=\"4099\" data-permalink=\"http:\/\/www.fannywalz.com\/fw\/cest-la-rentree-creation-graphique-lettres-peintes-strasbourg-edition\/knapp-novo-fanny-walz\/\" data-orig-file=\"https:\/\/i0.wp.com\/www.fannywalz.com\/fw\/wp-content\/uploads\/2018\/09\/knapp-novo-fanny-walz-1-1.jpg?fit=1004%2C780\" data-orig-size=\"1004,780\" data-comments-opened=\"0\" data-image-meta=\"{&quot;aperture&quot;:&quot;0&quot;,&quot;credit&quot;:&quot;&quot;,&quot;camera&quot;:&quot;&quot;,&quot;caption&quot;:&quot;&quot;,&quot;created_timestamp&quot;:&quot;0&quot;,&quot;copyright&quot;:&quot;&quot;,&quot;focal_length&quot;:&quot;0&quot;,&quot;iso&quot;:&quot;0&quot;,&quot;shutter_speed&quot;:&quot;0&quot;,&quot;title&quot;:&quot;&quot;,&quot;orientation&quot;:&quot;1&quot;}\" data-image-title=\"knapp-novo-fanny-walz&#8212;\" data-image-description=\"\" data-image-caption=\"\" data-medium-file=\"https:\/\/i0.wp.com\/www.fannywalz.com\/fw\/wp-content\/uploads\/2018\/09\/knapp-novo-fanny-walz-1-1.jpg?fit=500%2C388\" data-large-file=\"https:\/\/i0.wp.com\/www.fannywalz.com\/fw\/wp-content\/uploads\/2018\/09\/knapp-novo-fanny-walz-1-1.jpg?fit=480%2C373\" class=\"aligncenter size-full wp-image-4099\" src=\"https:\/\/i0.wp.com\/www.fannywalz.com\/fw\/wp-content\/uploads\/2018\/09\/knapp-novo-fanny-walz-1-1.jpg?resize=480%2C373\" alt=\"\" width=\"480\" height=\"373\" srcset=\"https:\/\/i0.wp.com\/www.fannywalz.com\/fw\/wp-content\/uploads\/2018\/09\/knapp-novo-fanny-walz-1-1.jpg?w=1004 1004w, https:\/\/i0.wp.com\/www.fannywalz.com\/fw\/wp-content\/uploads\/2018\/09\/knapp-novo-fanny-walz-1-1.jpg?resize=250%2C194 250w, https:\/\/i0.wp.com\/www.fannywalz.com\/fw\/wp-content\/uploads\/2018\/09\/knapp-novo-fanny-walz-1-1.jpg?resize=500%2C388 500w, https:\/\/i0.wp.com\/www.fannywalz.com\/fw\/wp-content\/uploads\/2018\/09\/knapp-novo-fanny-walz-1-1.jpg?resize=700%2C544 700w, https:\/\/i0.wp.com\/www.fannywalz.com\/fw\/wp-content\/uploads\/2018\/09\/knapp-novo-fanny-walz-1-1.jpg?resize=738%2C573 738w, https:\/\/i0.wp.com\/www.fannywalz.com\/fw\/wp-content\/uploads\/2018\/09\/knapp-novo-fanny-walz-1-1.jpg?resize=996%2C774 996w\" sizes=\"(max-width: 480px) 100vw, 480px\" data-recalc-dims=\"1\" \/><\/a><\/p>\n<p>\u2026ou les <span style=\"color: #ed7889;\">lettres<\/span>\u2026<br \/>\n<a href=\"http:\/\/www.fannywalz.com\/fw\/portfolio\/creation-grand-march-affiche-concert-generique\/\"><img loading=\"lazy\" decoding=\"async\" data-attachment-id=\"4151\" data-permalink=\"http:\/\/www.fannywalz.com\/fw\/cest-la-rentree-creation-graphique-lettres-peintes-strasbourg-edition\/grand-march-fanny-walz4\/\" data-orig-file=\"https:\/\/i0.wp.com\/www.fannywalz.com\/fw\/wp-content\/uploads\/2018\/09\/grand-march-fanny-walz4.jpg?fit=1004%2C778\" data-orig-size=\"1004,778\" data-comments-opened=\"0\" data-image-meta=\"{&quot;aperture&quot;:&quot;0&quot;,&quot;credit&quot;:&quot;&quot;,&quot;camera&quot;:&quot;&quot;,&quot;caption&quot;:&quot;&quot;,&quot;created_timestamp&quot;:&quot;0&quot;,&quot;copyright&quot;:&quot;&quot;,&quot;focal_length&quot;:&quot;0&quot;,&quot;iso&quot;:&quot;0&quot;,&quot;shutter_speed&quot;:&quot;0&quot;,&quot;title&quot;:&quot;&quot;,&quot;orientation&quot;:&quot;1&quot;}\" data-image-title=\"grand-march-fanny-walz4\" data-image-description=\"\" data-image-caption=\"\" data-medium-file=\"https:\/\/i0.wp.com\/www.fannywalz.com\/fw\/wp-content\/uploads\/2018\/09\/grand-march-fanny-walz4.jpg?fit=500%2C387\" data-large-file=\"https:\/\/i0.wp.com\/www.fannywalz.com\/fw\/wp-content\/uploads\/2018\/09\/grand-march-fanny-walz4.jpg?fit=480%2C372\" class=\"aligncenter size-full wp-image-4151\" src=\"https:\/\/i0.wp.com\/www.fannywalz.com\/fw\/wp-content\/uploads\/2018\/09\/grand-march-fanny-walz4.jpg?resize=480%2C372\" alt=\"Projet Grand March\" width=\"480\" height=\"372\" srcset=\"https:\/\/i0.wp.com\/www.fannywalz.com\/fw\/wp-content\/uploads\/2018\/09\/grand-march-fanny-walz4.jpg?w=1004 1004w, https:\/\/i0.wp.com\/www.fannywalz.com\/fw\/wp-content\/uploads\/2018\/09\/grand-march-fanny-walz4.jpg?resize=250%2C194 250w, https:\/\/i0.wp.com\/www.fannywalz.com\/fw\/wp-content\/uploads\/2018\/09\/grand-march-fanny-walz4.jpg?resize=500%2C387 500w, https:\/\/i0.wp.com\/www.fannywalz.com\/fw\/wp-content\/uploads\/2018\/09\/grand-march-fanny-walz4.jpg?resize=700%2C542 700w, https:\/\/i0.wp.com\/www.fannywalz.com\/fw\/wp-content\/uploads\/2018\/09\/grand-march-fanny-walz4.jpg?resize=738%2C572 738w, https:\/\/i0.wp.com\/www.fannywalz.com\/fw\/wp-content\/uploads\/2018\/09\/grand-march-fanny-walz4.jpg?resize=996%2C772 996w\" sizes=\"(max-width: 480px) 100vw, 480px\" data-recalc-dims=\"1\" \/><\/a><\/p>\n<p>\u2026et encore <span style=\"color: #ed7889;\">d&rsquo;autres lettres<\/span>.<br \/>\n(En volume celle-ci, avec de vrais confettis qui volent.)<br \/>\n<a href=\"http:\/\/www.fannywalz.com\/fw\/portfolio\/creation-cartes-de-voeux\/\"><img loading=\"lazy\" decoding=\"async\" data-attachment-id=\"4131\" data-permalink=\"http:\/\/www.fannywalz.com\/fw\/cest-la-rentree-creation-graphique-lettres-peintes-strasbourg-edition\/arthenon-fanny-walz-2\/\" data-orig-file=\"https:\/\/i0.wp.com\/www.fannywalz.com\/fw\/wp-content\/uploads\/2018\/09\/arthenon-fanny-walz-.jpg?fit=1004%2C624\" data-orig-size=\"1004,624\" data-comments-opened=\"0\" data-image-meta=\"{&quot;aperture&quot;:&quot;0&quot;,&quot;credit&quot;:&quot;&quot;,&quot;camera&quot;:&quot;&quot;,&quot;caption&quot;:&quot;&quot;,&quot;created_timestamp&quot;:&quot;0&quot;,&quot;copyright&quot;:&quot;&quot;,&quot;focal_length&quot;:&quot;0&quot;,&quot;iso&quot;:&quot;0&quot;,&quot;shutter_speed&quot;:&quot;0&quot;,&quot;title&quot;:&quot;&quot;,&quot;orientation&quot;:&quot;1&quot;}\" data-image-title=\"arthenon-fanny-walz&#8212;\" data-image-description=\"\" data-image-caption=\"\" data-medium-file=\"https:\/\/i0.wp.com\/www.fannywalz.com\/fw\/wp-content\/uploads\/2018\/09\/arthenon-fanny-walz-.jpg?fit=500%2C311\" data-large-file=\"https:\/\/i0.wp.com\/www.fannywalz.com\/fw\/wp-content\/uploads\/2018\/09\/arthenon-fanny-walz-.jpg?fit=480%2C298\" class=\"aligncenter size-full wp-image-4131\" src=\"https:\/\/i0.wp.com\/www.fannywalz.com\/fw\/wp-content\/uploads\/2018\/09\/arthenon-fanny-walz-.jpg?resize=480%2C298\" alt=\"Projet v\u0153ux Arthenon\" width=\"480\" height=\"298\" srcset=\"https:\/\/i0.wp.com\/www.fannywalz.com\/fw\/wp-content\/uploads\/2018\/09\/arthenon-fanny-walz-.jpg?w=1004 1004w, https:\/\/i0.wp.com\/www.fannywalz.com\/fw\/wp-content\/uploads\/2018\/09\/arthenon-fanny-walz-.jpg?resize=250%2C155 250w, https:\/\/i0.wp.com\/www.fannywalz.com\/fw\/wp-content\/uploads\/2018\/09\/arthenon-fanny-walz-.jpg?resize=500%2C311 500w, https:\/\/i0.wp.com\/www.fannywalz.com\/fw\/wp-content\/uploads\/2018\/09\/arthenon-fanny-walz-.jpg?resize=700%2C435 700w, https:\/\/i0.wp.com\/www.fannywalz.com\/fw\/wp-content\/uploads\/2018\/09\/arthenon-fanny-walz-.jpg?resize=738%2C459 738w, https:\/\/i0.wp.com\/www.fannywalz.com\/fw\/wp-content\/uploads\/2018\/09\/arthenon-fanny-walz-.jpg?resize=996%2C619 996w\" sizes=\"(max-width: 480px) 100vw, 480px\" data-recalc-dims=\"1\" \/><\/a><\/p>\n<p>J&rsquo;aime travailler les formes, les couleurs\u2026 avec comme seul objectif de trouver le <span style=\"color: #ed7889;\"> juste \u00e9quilibre<\/span> et de proposer un ensemble graphique <span style=\"color: #ed7889;\">coh\u00e9rent.<\/span><br \/>\n<a href=\"http:\/\/www.fannywalz.com\/fw\/portfolio\/une-enfance-creative\/\"><img loading=\"lazy\" decoding=\"async\" data-attachment-id=\"4153\" data-permalink=\"http:\/\/www.fannywalz.com\/fw\/cest-la-rentree-creation-graphique-lettres-peintes-strasbourg-edition\/une-enfance-creative-fanny-walz1\/\" data-orig-file=\"https:\/\/i0.wp.com\/www.fannywalz.com\/fw\/wp-content\/uploads\/2018\/09\/une-enfance-creative-fanny-walz1.jpg?fit=1004%2C510\" data-orig-size=\"1004,510\" data-comments-opened=\"0\" data-image-meta=\"{&quot;aperture&quot;:&quot;0&quot;,&quot;credit&quot;:&quot;&quot;,&quot;camera&quot;:&quot;&quot;,&quot;caption&quot;:&quot;&quot;,&quot;created_timestamp&quot;:&quot;0&quot;,&quot;copyright&quot;:&quot;&quot;,&quot;focal_length&quot;:&quot;0&quot;,&quot;iso&quot;:&quot;0&quot;,&quot;shutter_speed&quot;:&quot;0&quot;,&quot;title&quot;:&quot;&quot;,&quot;orientation&quot;:&quot;1&quot;}\" data-image-title=\"une-enfance-creative&#8211;fanny-walz1\" data-image-description=\"\" data-image-caption=\"\" data-medium-file=\"https:\/\/i0.wp.com\/www.fannywalz.com\/fw\/wp-content\/uploads\/2018\/09\/une-enfance-creative-fanny-walz1.jpg?fit=500%2C254\" data-large-file=\"https:\/\/i0.wp.com\/www.fannywalz.com\/fw\/wp-content\/uploads\/2018\/09\/une-enfance-creative-fanny-walz1.jpg?fit=480%2C244\" class=\"aligncenter size-full wp-image-4153\" src=\"https:\/\/i0.wp.com\/www.fannywalz.com\/fw\/wp-content\/uploads\/2018\/09\/une-enfance-creative-fanny-walz1.jpg?resize=480%2C244\" alt=\"Projet Une enfance cr\u00e9ative\" width=\"480\" height=\"244\" srcset=\"https:\/\/i0.wp.com\/www.fannywalz.com\/fw\/wp-content\/uploads\/2018\/09\/une-enfance-creative-fanny-walz1.jpg?w=1004 1004w, https:\/\/i0.wp.com\/www.fannywalz.com\/fw\/wp-content\/uploads\/2018\/09\/une-enfance-creative-fanny-walz1.jpg?resize=250%2C127 250w, https:\/\/i0.wp.com\/www.fannywalz.com\/fw\/wp-content\/uploads\/2018\/09\/une-enfance-creative-fanny-walz1.jpg?resize=500%2C254 500w, https:\/\/i0.wp.com\/www.fannywalz.com\/fw\/wp-content\/uploads\/2018\/09\/une-enfance-creative-fanny-walz1.jpg?resize=700%2C356 700w, https:\/\/i0.wp.com\/www.fannywalz.com\/fw\/wp-content\/uploads\/2018\/09\/une-enfance-creative-fanny-walz1.jpg?resize=738%2C375 738w, https:\/\/i0.wp.com\/www.fannywalz.com\/fw\/wp-content\/uploads\/2018\/09\/une-enfance-creative-fanny-walz1.jpg?resize=996%2C506 996w\" sizes=\"(max-width: 480px) 100vw, 480px\" data-recalc-dims=\"1\" \/><\/a><\/p>\n<p>Je dessine des <span style=\"color: #ed7889;\">logos<\/span> pour des commer\u00e7ants ou des clubs de foot\u2026<br \/>\n<a href=\"http:\/\/www.fannywalz.com\/fw\/project-category\/identite\/\"><img loading=\"lazy\" decoding=\"async\" data-attachment-id=\"4111\" data-permalink=\"http:\/\/www.fannywalz.com\/fw\/cest-la-rentree-creation-graphique-lettres-peintes-strasbourg-edition\/identite-fanny-walz\/\" data-orig-file=\"https:\/\/i0.wp.com\/www.fannywalz.com\/fw\/wp-content\/uploads\/2018\/09\/identite-fanny-walz-1-1.jpg?fit=1004%2C780\" data-orig-size=\"1004,780\" data-comments-opened=\"0\" data-image-meta=\"{&quot;aperture&quot;:&quot;0&quot;,&quot;credit&quot;:&quot;&quot;,&quot;camera&quot;:&quot;&quot;,&quot;caption&quot;:&quot;&quot;,&quot;created_timestamp&quot;:&quot;0&quot;,&quot;copyright&quot;:&quot;&quot;,&quot;focal_length&quot;:&quot;0&quot;,&quot;iso&quot;:&quot;0&quot;,&quot;shutter_speed&quot;:&quot;0&quot;,&quot;title&quot;:&quot;&quot;,&quot;orientation&quot;:&quot;1&quot;}\" data-image-title=\"identite-fanny-walz&#8211;\" data-image-description=\"\" data-image-caption=\"\" data-medium-file=\"https:\/\/i0.wp.com\/www.fannywalz.com\/fw\/wp-content\/uploads\/2018\/09\/identite-fanny-walz-1-1.jpg?fit=500%2C388\" data-large-file=\"https:\/\/i0.wp.com\/www.fannywalz.com\/fw\/wp-content\/uploads\/2018\/09\/identite-fanny-walz-1-1.jpg?fit=480%2C373\" class=\"aligncenter size-full wp-image-4111\" src=\"https:\/\/i0.wp.com\/www.fannywalz.com\/fw\/wp-content\/uploads\/2018\/09\/identite-fanny-walz-1-1.jpg?resize=480%2C373\" alt=\"Projets d'identit\u00e9 visuelle\" width=\"480\" height=\"373\" srcset=\"https:\/\/i0.wp.com\/www.fannywalz.com\/fw\/wp-content\/uploads\/2018\/09\/identite-fanny-walz-1-1.jpg?w=1004 1004w, https:\/\/i0.wp.com\/www.fannywalz.com\/fw\/wp-content\/uploads\/2018\/09\/identite-fanny-walz-1-1.jpg?resize=250%2C194 250w, https:\/\/i0.wp.com\/www.fannywalz.com\/fw\/wp-content\/uploads\/2018\/09\/identite-fanny-walz-1-1.jpg?resize=500%2C388 500w, https:\/\/i0.wp.com\/www.fannywalz.com\/fw\/wp-content\/uploads\/2018\/09\/identite-fanny-walz-1-1.jpg?resize=700%2C544 700w, https:\/\/i0.wp.com\/www.fannywalz.com\/fw\/wp-content\/uploads\/2018\/09\/identite-fanny-walz-1-1.jpg?resize=738%2C573 738w, https:\/\/i0.wp.com\/www.fannywalz.com\/fw\/wp-content\/uploads\/2018\/09\/identite-fanny-walz-1-1.jpg?resize=996%2C774 996w\" sizes=\"(max-width: 480px) 100vw, 480px\" data-recalc-dims=\"1\" \/><\/a><br \/>\n\u2026avec le souci du <span style=\"color: #ed7889;\">d\u00e9tail<\/span> et de l&rsquo;<span style=\"color: #ed7889;\">originalit\u00e9<\/span>.<br \/>\n<a href=\"http:\/\/www.fannywalz.com\/fw\/project-category\/identite\/\"><img loading=\"lazy\" decoding=\"async\" data-attachment-id=\"4113\" data-permalink=\"http:\/\/www.fannywalz.com\/fw\/cest-la-rentree-creation-graphique-lettres-peintes-strasbourg-edition\/identite2-fanny-walz\/\" data-orig-file=\"https:\/\/i0.wp.com\/www.fannywalz.com\/fw\/wp-content\/uploads\/2018\/09\/identite2-fanny-walz-1-1.jpg?fit=1004%2C1134\" data-orig-size=\"1004,1134\" data-comments-opened=\"0\" data-image-meta=\"{&quot;aperture&quot;:&quot;0&quot;,&quot;credit&quot;:&quot;&quot;,&quot;camera&quot;:&quot;&quot;,&quot;caption&quot;:&quot;&quot;,&quot;created_timestamp&quot;:&quot;0&quot;,&quot;copyright&quot;:&quot;&quot;,&quot;focal_length&quot;:&quot;0&quot;,&quot;iso&quot;:&quot;0&quot;,&quot;shutter_speed&quot;:&quot;0&quot;,&quot;title&quot;:&quot;&quot;,&quot;orientation&quot;:&quot;1&quot;}\" data-image-title=\"identite2-fanny-walz&#8211;\" data-image-description=\"\" data-image-caption=\"\" data-medium-file=\"https:\/\/i0.wp.com\/www.fannywalz.com\/fw\/wp-content\/uploads\/2018\/09\/identite2-fanny-walz-1-1.jpg?fit=443%2C500\" data-large-file=\"https:\/\/i0.wp.com\/www.fannywalz.com\/fw\/wp-content\/uploads\/2018\/09\/identite2-fanny-walz-1-1.jpg?fit=480%2C542\" class=\"aligncenter size-full wp-image-4113\" src=\"https:\/\/i0.wp.com\/www.fannywalz.com\/fw\/wp-content\/uploads\/2018\/09\/identite2-fanny-walz-1-1.jpg?resize=480%2C542\" alt=\"Projets identit\u00e9 visuelle\" width=\"480\" height=\"542\" srcset=\"https:\/\/i0.wp.com\/www.fannywalz.com\/fw\/wp-content\/uploads\/2018\/09\/identite2-fanny-walz-1-1.jpg?w=1004 1004w, https:\/\/i0.wp.com\/www.fannywalz.com\/fw\/wp-content\/uploads\/2018\/09\/identite2-fanny-walz-1-1.jpg?resize=250%2C282 250w, https:\/\/i0.wp.com\/www.fannywalz.com\/fw\/wp-content\/uploads\/2018\/09\/identite2-fanny-walz-1-1.jpg?resize=443%2C500 443w, https:\/\/i0.wp.com\/www.fannywalz.com\/fw\/wp-content\/uploads\/2018\/09\/identite2-fanny-walz-1-1.jpg?resize=700%2C791 700w, https:\/\/i0.wp.com\/www.fannywalz.com\/fw\/wp-content\/uploads\/2018\/09\/identite2-fanny-walz-1-1.jpg?resize=738%2C834 738w, https:\/\/i0.wp.com\/www.fannywalz.com\/fw\/wp-content\/uploads\/2018\/09\/identite2-fanny-walz-1-1.jpg?resize=996%2C1125 996w\" sizes=\"(max-width: 480px) 100vw, 480px\" data-recalc-dims=\"1\" \/><\/a><\/p>\n<p>En \u00e9dition, j&rsquo;aime la <span style=\"color: #ed7889;\"> rigueur<\/span> d&rsquo;une encyclop\u00e9die\u2026<br \/>\n<a href=\"http:\/\/www.fannywalz.com\/fw\/portfolio\/edition-livre-rouge-des-especes-menacees-en-alsace\/\"><img loading=\"lazy\" decoding=\"async\" data-attachment-id=\"4130\" data-permalink=\"http:\/\/www.fannywalz.com\/fw\/cest-la-rentree-creation-graphique-lettres-peintes-strasbourg-edition\/odonat-gepma-fanny-walz\/\" data-orig-file=\"https:\/\/i0.wp.com\/www.fannywalz.com\/fw\/wp-content\/uploads\/2018\/09\/odonat-gepma-fanny-walz-1-1.jpg?fit=1004%2C1063\" data-orig-size=\"1004,1063\" data-comments-opened=\"0\" data-image-meta=\"{&quot;aperture&quot;:&quot;0&quot;,&quot;credit&quot;:&quot;&quot;,&quot;camera&quot;:&quot;&quot;,&quot;caption&quot;:&quot;&quot;,&quot;created_timestamp&quot;:&quot;0&quot;,&quot;copyright&quot;:&quot;&quot;,&quot;focal_length&quot;:&quot;0&quot;,&quot;iso&quot;:&quot;0&quot;,&quot;shutter_speed&quot;:&quot;0&quot;,&quot;title&quot;:&quot;&quot;,&quot;orientation&quot;:&quot;1&quot;}\" data-image-title=\"odonat-gepma-fanny-walz&#8211;\" data-image-description=\"\" data-image-caption=\"\" data-medium-file=\"https:\/\/i0.wp.com\/www.fannywalz.com\/fw\/wp-content\/uploads\/2018\/09\/odonat-gepma-fanny-walz-1-1.jpg?fit=472%2C500\" data-large-file=\"https:\/\/i0.wp.com\/www.fannywalz.com\/fw\/wp-content\/uploads\/2018\/09\/odonat-gepma-fanny-walz-1-1.jpg?fit=480%2C508\" class=\"aligncenter size-full wp-image-4130\" src=\"https:\/\/i0.wp.com\/www.fannywalz.com\/fw\/wp-content\/uploads\/2018\/09\/odonat-gepma-fanny-walz-1-1.jpg?resize=480%2C508\" alt=\"Projet Odonat et Gepma\" width=\"480\" height=\"508\" srcset=\"https:\/\/i0.wp.com\/www.fannywalz.com\/fw\/wp-content\/uploads\/2018\/09\/odonat-gepma-fanny-walz-1-1.jpg?w=1004 1004w, https:\/\/i0.wp.com\/www.fannywalz.com\/fw\/wp-content\/uploads\/2018\/09\/odonat-gepma-fanny-walz-1-1.jpg?resize=250%2C265 250w, https:\/\/i0.wp.com\/www.fannywalz.com\/fw\/wp-content\/uploads\/2018\/09\/odonat-gepma-fanny-walz-1-1.jpg?resize=472%2C500 472w, https:\/\/i0.wp.com\/www.fannywalz.com\/fw\/wp-content\/uploads\/2018\/09\/odonat-gepma-fanny-walz-1-1.jpg?resize=700%2C741 700w, https:\/\/i0.wp.com\/www.fannywalz.com\/fw\/wp-content\/uploads\/2018\/09\/odonat-gepma-fanny-walz-1-1.jpg?resize=738%2C781 738w, https:\/\/i0.wp.com\/www.fannywalz.com\/fw\/wp-content\/uploads\/2018\/09\/odonat-gepma-fanny-walz-1-1.jpg?resize=996%2C1055 996w\" sizes=\"(max-width: 480px) 100vw, 480px\" data-recalc-dims=\"1\" \/><\/a><br \/>\n\u2026et tous les projets au contenu <span style=\"color: #ed7889;\"> exigeant<\/span>.<br \/>\n<a href=\"http:\/\/www.fannywalz.com\/fw\/portfolio\/livre-aviation-3e-escadre-de-chasse-north-american-f-100-df-super-sabre-daniel-corroy-edition-baobab-creation-graphique-mise-en-page-fanny-walz\/\"><img loading=\"lazy\" decoding=\"async\" data-attachment-id=\"4143\" data-permalink=\"http:\/\/www.fannywalz.com\/fw\/cest-la-rentree-creation-graphique-lettres-peintes-strasbourg-edition\/escadre-chasse-fanny-walz-baobab-2\/\" data-orig-file=\"https:\/\/i0.wp.com\/www.fannywalz.com\/fw\/wp-content\/uploads\/2018\/09\/escadre-chasse-fanny-walz-baobab-2.jpg?fit=1004%2C956\" data-orig-size=\"1004,956\" data-comments-opened=\"0\" data-image-meta=\"{&quot;aperture&quot;:&quot;0&quot;,&quot;credit&quot;:&quot;&quot;,&quot;camera&quot;:&quot;&quot;,&quot;caption&quot;:&quot;&quot;,&quot;created_timestamp&quot;:&quot;0&quot;,&quot;copyright&quot;:&quot;&quot;,&quot;focal_length&quot;:&quot;0&quot;,&quot;iso&quot;:&quot;0&quot;,&quot;shutter_speed&quot;:&quot;0&quot;,&quot;title&quot;:&quot;&quot;,&quot;orientation&quot;:&quot;1&quot;}\" data-image-title=\"escadre-chasse-fanny-walz-baobab-2\" data-image-description=\"\" data-image-caption=\"\" data-medium-file=\"https:\/\/i0.wp.com\/www.fannywalz.com\/fw\/wp-content\/uploads\/2018\/09\/escadre-chasse-fanny-walz-baobab-2.jpg?fit=500%2C476\" data-large-file=\"https:\/\/i0.wp.com\/www.fannywalz.com\/fw\/wp-content\/uploads\/2018\/09\/escadre-chasse-fanny-walz-baobab-2.jpg?fit=480%2C457\" class=\"aligncenter size-full wp-image-4143\" src=\"https:\/\/i0.wp.com\/www.fannywalz.com\/fw\/wp-content\/uploads\/2018\/09\/escadre-chasse-fanny-walz-baobab-2.jpg?resize=480%2C457\" alt=\"Projet Escadre chasse\" width=\"480\" height=\"457\" srcset=\"https:\/\/i0.wp.com\/www.fannywalz.com\/fw\/wp-content\/uploads\/2018\/09\/escadre-chasse-fanny-walz-baobab-2.jpg?w=1004 1004w, https:\/\/i0.wp.com\/www.fannywalz.com\/fw\/wp-content\/uploads\/2018\/09\/escadre-chasse-fanny-walz-baobab-2.jpg?resize=250%2C238 250w, https:\/\/i0.wp.com\/www.fannywalz.com\/fw\/wp-content\/uploads\/2018\/09\/escadre-chasse-fanny-walz-baobab-2.jpg?resize=500%2C476 500w, https:\/\/i0.wp.com\/www.fannywalz.com\/fw\/wp-content\/uploads\/2018\/09\/escadre-chasse-fanny-walz-baobab-2.jpg?resize=700%2C667 700w, https:\/\/i0.wp.com\/www.fannywalz.com\/fw\/wp-content\/uploads\/2018\/09\/escadre-chasse-fanny-walz-baobab-2.jpg?resize=738%2C703 738w, https:\/\/i0.wp.com\/www.fannywalz.com\/fw\/wp-content\/uploads\/2018\/09\/escadre-chasse-fanny-walz-baobab-2.jpg?resize=996%2C948 996w\" sizes=\"(max-width: 480px) 100vw, 480px\" data-recalc-dims=\"1\" \/><\/a><br \/>\nJ&rsquo;appr\u00e9cie \u00e9galement la l\u00e9g\u00e8ret\u00e9 des <span style=\"color: #ed7889;\">livres jeunesse<\/span>,<br \/>\n<a href=\"http:\/\/www.fannywalz.com\/fw\/portfolio\/edition-livre-nazare-le-brave\/\"><img loading=\"lazy\" decoding=\"async\" data-attachment-id=\"4162\" data-permalink=\"http:\/\/www.fannywalz.com\/fw\/cest-la-rentree-creation-graphique-lettres-peintes-strasbourg-edition\/nazare-le-brave-fanny-walz-3\/\" data-orig-file=\"https:\/\/i0.wp.com\/www.fannywalz.com\/fw\/wp-content\/uploads\/2018\/09\/nazare-le-brave-fanny-walz-3.jpg?fit=1004%2C957\" data-orig-size=\"1004,957\" data-comments-opened=\"0\" data-image-meta=\"{&quot;aperture&quot;:&quot;0&quot;,&quot;credit&quot;:&quot;&quot;,&quot;camera&quot;:&quot;&quot;,&quot;caption&quot;:&quot;&quot;,&quot;created_timestamp&quot;:&quot;0&quot;,&quot;copyright&quot;:&quot;&quot;,&quot;focal_length&quot;:&quot;0&quot;,&quot;iso&quot;:&quot;0&quot;,&quot;shutter_speed&quot;:&quot;0&quot;,&quot;title&quot;:&quot;&quot;,&quot;orientation&quot;:&quot;1&quot;}\" data-image-title=\"nazare-le-brave-fanny-walz-3\" data-image-description=\"\" data-image-caption=\"\" data-medium-file=\"https:\/\/i0.wp.com\/www.fannywalz.com\/fw\/wp-content\/uploads\/2018\/09\/nazare-le-brave-fanny-walz-3.jpg?fit=500%2C477\" data-large-file=\"https:\/\/i0.wp.com\/www.fannywalz.com\/fw\/wp-content\/uploads\/2018\/09\/nazare-le-brave-fanny-walz-3.jpg?fit=480%2C457\" class=\"aligncenter size-full wp-image-4162\" src=\"https:\/\/i0.wp.com\/www.fannywalz.com\/fw\/wp-content\/uploads\/2018\/09\/nazare-le-brave-fanny-walz-3.jpg?resize=480%2C458\" alt=\"Projet Nazare le Brave\" width=\"480\" height=\"458\" srcset=\"https:\/\/i0.wp.com\/www.fannywalz.com\/fw\/wp-content\/uploads\/2018\/09\/nazare-le-brave-fanny-walz-3.jpg?w=1004 1004w, https:\/\/i0.wp.com\/www.fannywalz.com\/fw\/wp-content\/uploads\/2018\/09\/nazare-le-brave-fanny-walz-3.jpg?resize=250%2C238 250w, https:\/\/i0.wp.com\/www.fannywalz.com\/fw\/wp-content\/uploads\/2018\/09\/nazare-le-brave-fanny-walz-3.jpg?resize=500%2C477 500w, https:\/\/i0.wp.com\/www.fannywalz.com\/fw\/wp-content\/uploads\/2018\/09\/nazare-le-brave-fanny-walz-3.jpg?resize=700%2C667 700w, https:\/\/i0.wp.com\/www.fannywalz.com\/fw\/wp-content\/uploads\/2018\/09\/nazare-le-brave-fanny-walz-3.jpg?resize=738%2C703 738w, https:\/\/i0.wp.com\/www.fannywalz.com\/fw\/wp-content\/uploads\/2018\/09\/nazare-le-brave-fanny-walz-3.jpg?resize=996%2C949 996w\" sizes=\"(max-width: 480px) 100vw, 480px\" data-recalc-dims=\"1\" \/><\/a><br \/>\nou celle des livres <span style=\"color: #ed7889;\">photographiques.<\/span><br \/>\n<a href=\"http:\/\/www.fannywalz.com\/fw\/portfolio\/edition-livre-wesserling-sandrine-marbach-fil-dun-regard\/\"><img loading=\"lazy\" decoding=\"async\" data-attachment-id=\"4164\" data-permalink=\"http:\/\/www.fannywalz.com\/fw\/cest-la-rentree-creation-graphique-lettres-peintes-strasbourg-edition\/wesserling-fanny-walz-2\/\" data-orig-file=\"https:\/\/i0.wp.com\/www.fannywalz.com\/fw\/wp-content\/uploads\/2018\/09\/wesserling-fanny-walz-2.jpg?fit=1004%2C981\" data-orig-size=\"1004,981\" data-comments-opened=\"0\" data-image-meta=\"{&quot;aperture&quot;:&quot;0&quot;,&quot;credit&quot;:&quot;&quot;,&quot;camera&quot;:&quot;&quot;,&quot;caption&quot;:&quot;&quot;,&quot;created_timestamp&quot;:&quot;0&quot;,&quot;copyright&quot;:&quot;&quot;,&quot;focal_length&quot;:&quot;0&quot;,&quot;iso&quot;:&quot;0&quot;,&quot;shutter_speed&quot;:&quot;0&quot;,&quot;title&quot;:&quot;&quot;,&quot;orientation&quot;:&quot;1&quot;}\" data-image-title=\"wesserling-fanny-walz-2\" data-image-description=\"\" data-image-caption=\"\" data-medium-file=\"https:\/\/i0.wp.com\/www.fannywalz.com\/fw\/wp-content\/uploads\/2018\/09\/wesserling-fanny-walz-2.jpg?fit=500%2C489\" data-large-file=\"https:\/\/i0.wp.com\/www.fannywalz.com\/fw\/wp-content\/uploads\/2018\/09\/wesserling-fanny-walz-2.jpg?fit=480%2C469\" class=\"aligncenter size-full wp-image-4164\" src=\"https:\/\/i0.wp.com\/www.fannywalz.com\/fw\/wp-content\/uploads\/2018\/09\/wesserling-fanny-walz-2.jpg?resize=480%2C469\" alt=\"Projet Wesserling\" width=\"480\" height=\"469\" srcset=\"https:\/\/i0.wp.com\/www.fannywalz.com\/fw\/wp-content\/uploads\/2018\/09\/wesserling-fanny-walz-2.jpg?w=1004 1004w, https:\/\/i0.wp.com\/www.fannywalz.com\/fw\/wp-content\/uploads\/2018\/09\/wesserling-fanny-walz-2.jpg?resize=250%2C244 250w, https:\/\/i0.wp.com\/www.fannywalz.com\/fw\/wp-content\/uploads\/2018\/09\/wesserling-fanny-walz-2.jpg?resize=500%2C489 500w, https:\/\/i0.wp.com\/www.fannywalz.com\/fw\/wp-content\/uploads\/2018\/09\/wesserling-fanny-walz-2.jpg?resize=700%2C684 700w, https:\/\/i0.wp.com\/www.fannywalz.com\/fw\/wp-content\/uploads\/2018\/09\/wesserling-fanny-walz-2.jpg?resize=738%2C721 738w, https:\/\/i0.wp.com\/www.fannywalz.com\/fw\/wp-content\/uploads\/2018\/09\/wesserling-fanny-walz-2.jpg?resize=996%2C973 996w\" sizes=\"(max-width: 480px) 100vw, 480px\" data-recalc-dims=\"1\" \/><\/a><\/p>\n<p>Je m&rsquo;attelle \u00e0 soigneusement insuffler une<span style=\"color: #ed7889;\"> identit\u00e9 originale <\/span>\u00e0 chacune de mes cr\u00e9ations.<br \/>\n<a href=\"http:\/\/www.fannywalz.com\/fw\/realisations-graphisme\/\"><img loading=\"lazy\" decoding=\"async\" data-attachment-id=\"4058\" data-permalink=\"http:\/\/www.fannywalz.com\/fw\/cest-la-rentree-creation-graphique-lettres-peintes-strasbourg-edition\/graphisme-fanny-walz-2\/\" data-orig-file=\"https:\/\/i0.wp.com\/www.fannywalz.com\/fw\/wp-content\/uploads\/2018\/09\/graphisme-fanny-walz-.jpg?fit=1004%2C1511\" data-orig-size=\"1004,1511\" data-comments-opened=\"0\" data-image-meta=\"{&quot;aperture&quot;:&quot;0&quot;,&quot;credit&quot;:&quot;&quot;,&quot;camera&quot;:&quot;&quot;,&quot;caption&quot;:&quot;&quot;,&quot;created_timestamp&quot;:&quot;0&quot;,&quot;copyright&quot;:&quot;&quot;,&quot;focal_length&quot;:&quot;0&quot;,&quot;iso&quot;:&quot;0&quot;,&quot;shutter_speed&quot;:&quot;0&quot;,&quot;title&quot;:&quot;&quot;,&quot;orientation&quot;:&quot;1&quot;}\" data-image-title=\"graphisme-fanny-walz-\" data-image-description=\"\" data-image-caption=\"\" data-medium-file=\"https:\/\/i0.wp.com\/www.fannywalz.com\/fw\/wp-content\/uploads\/2018\/09\/graphisme-fanny-walz-.jpg?fit=332%2C500\" data-large-file=\"https:\/\/i0.wp.com\/www.fannywalz.com\/fw\/wp-content\/uploads\/2018\/09\/graphisme-fanny-walz-.jpg?fit=480%2C722\" class=\"aligncenter size-full wp-image-4058\" src=\"https:\/\/i0.wp.com\/www.fannywalz.com\/fw\/wp-content\/uploads\/2018\/09\/graphisme-fanny-walz-.jpg?resize=480%2C722\" alt=\"Projets graphisme Fanny Walz\" width=\"480\" height=\"722\" srcset=\"https:\/\/i0.wp.com\/www.fannywalz.com\/fw\/wp-content\/uploads\/2018\/09\/graphisme-fanny-walz-.jpg?w=1004 1004w, https:\/\/i0.wp.com\/www.fannywalz.com\/fw\/wp-content\/uploads\/2018\/09\/graphisme-fanny-walz-.jpg?resize=250%2C376 250w, https:\/\/i0.wp.com\/www.fannywalz.com\/fw\/wp-content\/uploads\/2018\/09\/graphisme-fanny-walz-.jpg?resize=332%2C500 332w, https:\/\/i0.wp.com\/www.fannywalz.com\/fw\/wp-content\/uploads\/2018\/09\/graphisme-fanny-walz-.jpg?resize=700%2C1053 700w, https:\/\/i0.wp.com\/www.fannywalz.com\/fw\/wp-content\/uploads\/2018\/09\/graphisme-fanny-walz-.jpg?resize=738%2C1111 738w, https:\/\/i0.wp.com\/www.fannywalz.com\/fw\/wp-content\/uploads\/2018\/09\/graphisme-fanny-walz-.jpg?resize=996%2C1499 996w\" sizes=\"(max-width: 480px) 100vw, 480px\" data-recalc-dims=\"1\" \/><\/a><\/p>\n<h2>Et maintenant ?<\/h2>\n<p>Ma derni\u00e8re <span style=\"color: #ed7889;\">cr\u00e9ation \u00e9ditoriale<\/span> a permis de rappeler toute la vari\u00e9t\u00e9 des \u0153uvres de <a href=\"https:\/\/fr.wikipedia.org\/wiki\/Hansi\" target=\"_blank\" rel=\"noopener\">Hansi<\/a>.<br \/>\n<a href=\"http:\/\/www.fannywalz.com\/fw\/portfolio\/hansi-livre-edition-creation-editoriale-charte-graphique-fanny-walz-strasbourg-alsace\/\"><img loading=\"lazy\" decoding=\"async\" data-attachment-id=\"4155\" data-permalink=\"http:\/\/www.fannywalz.com\/fw\/cest-la-rentree-creation-graphique-lettres-peintes-strasbourg-edition\/hansi-fanny-walz-baobab-2\/\" data-orig-file=\"https:\/\/i0.wp.com\/www.fannywalz.com\/fw\/wp-content\/uploads\/2018\/09\/hansi-fanny-walz-baobab-2.jpg?fit=1004%2C836\" data-orig-size=\"1004,836\" data-comments-opened=\"0\" data-image-meta=\"{&quot;aperture&quot;:&quot;0&quot;,&quot;credit&quot;:&quot;&quot;,&quot;camera&quot;:&quot;&quot;,&quot;caption&quot;:&quot;&quot;,&quot;created_timestamp&quot;:&quot;0&quot;,&quot;copyright&quot;:&quot;&quot;,&quot;focal_length&quot;:&quot;0&quot;,&quot;iso&quot;:&quot;0&quot;,&quot;shutter_speed&quot;:&quot;0&quot;,&quot;title&quot;:&quot;&quot;,&quot;orientation&quot;:&quot;1&quot;}\" data-image-title=\"hansi-fanny-walz-baobab-2\" data-image-description=\"\" data-image-caption=\"\" data-medium-file=\"https:\/\/i0.wp.com\/www.fannywalz.com\/fw\/wp-content\/uploads\/2018\/09\/hansi-fanny-walz-baobab-2.jpg?fit=500%2C416\" data-large-file=\"https:\/\/i0.wp.com\/www.fannywalz.com\/fw\/wp-content\/uploads\/2018\/09\/hansi-fanny-walz-baobab-2.jpg?fit=480%2C400\" class=\"aligncenter size-full wp-image-4155\" src=\"https:\/\/i0.wp.com\/www.fannywalz.com\/fw\/wp-content\/uploads\/2018\/09\/hansi-fanny-walz-baobab-2.jpg?resize=480%2C400\" alt=\"Projet Hansi\" width=\"480\" height=\"400\" srcset=\"https:\/\/i0.wp.com\/www.fannywalz.com\/fw\/wp-content\/uploads\/2018\/09\/hansi-fanny-walz-baobab-2.jpg?w=1004 1004w, https:\/\/i0.wp.com\/www.fannywalz.com\/fw\/wp-content\/uploads\/2018\/09\/hansi-fanny-walz-baobab-2.jpg?resize=250%2C208 250w, https:\/\/i0.wp.com\/www.fannywalz.com\/fw\/wp-content\/uploads\/2018\/09\/hansi-fanny-walz-baobab-2.jpg?resize=500%2C416 500w, https:\/\/i0.wp.com\/www.fannywalz.com\/fw\/wp-content\/uploads\/2018\/09\/hansi-fanny-walz-baobab-2.jpg?resize=700%2C583 700w, https:\/\/i0.wp.com\/www.fannywalz.com\/fw\/wp-content\/uploads\/2018\/09\/hansi-fanny-walz-baobab-2.jpg?resize=738%2C615 738w, https:\/\/i0.wp.com\/www.fannywalz.com\/fw\/wp-content\/uploads\/2018\/09\/hansi-fanny-walz-baobab-2.jpg?resize=996%2C829 996w\" sizes=\"(max-width: 480px) 100vw, 480px\" data-recalc-dims=\"1\" \/><\/a><\/p>\n<p>Je me demande maintenant, si mon <span style=\"color: #ed7889;\">prochain livre<\/span> serait le <span style=\"color: #ed7889;\">v\u00f4tre<\/span> ?<br \/>\n<img loading=\"lazy\" decoding=\"async\" data-attachment-id=\"4088\" data-permalink=\"http:\/\/www.fannywalz.com\/fw\/cest-la-rentree-creation-graphique-lettres-peintes-strasbourg-edition\/et-si-mon-prochain-livre-etait-le-votre\/\" data-orig-file=\"https:\/\/i0.wp.com\/www.fannywalz.com\/fw\/wp-content\/uploads\/2018\/09\/et-si-mon-prochain-livre-etait-le-votre.jpg?fit=1004%2C1013\" data-orig-size=\"1004,1013\" data-comments-opened=\"0\" data-image-meta=\"{&quot;aperture&quot;:&quot;0&quot;,&quot;credit&quot;:&quot;&quot;,&quot;camera&quot;:&quot;&quot;,&quot;caption&quot;:&quot;&quot;,&quot;created_timestamp&quot;:&quot;0&quot;,&quot;copyright&quot;:&quot;&quot;,&quot;focal_length&quot;:&quot;0&quot;,&quot;iso&quot;:&quot;0&quot;,&quot;shutter_speed&quot;:&quot;0&quot;,&quot;title&quot;:&quot;&quot;,&quot;orientation&quot;:&quot;1&quot;}\" data-image-title=\"et-si-mon-prochain-livre-etait-le-votre\" data-image-description=\"\" data-image-caption=\"\" data-medium-file=\"https:\/\/i0.wp.com\/www.fannywalz.com\/fw\/wp-content\/uploads\/2018\/09\/et-si-mon-prochain-livre-etait-le-votre.jpg?fit=496%2C500\" data-large-file=\"https:\/\/i0.wp.com\/www.fannywalz.com\/fw\/wp-content\/uploads\/2018\/09\/et-si-mon-prochain-livre-etait-le-votre.jpg?fit=480%2C484\" class=\"aligncenter size-full wp-image-4088\" src=\"https:\/\/i0.wp.com\/www.fannywalz.com\/fw\/wp-content\/uploads\/2018\/09\/et-si-mon-prochain-livre-etait-le-votre.jpg?resize=480%2C484\" alt=\"Et si mon prochain livre \u00e9tait le v\u00f4tre ?\" width=\"480\" height=\"484\" srcset=\"https:\/\/i0.wp.com\/www.fannywalz.com\/fw\/wp-content\/uploads\/2018\/09\/et-si-mon-prochain-livre-etait-le-votre.jpg?w=1004 1004w, https:\/\/i0.wp.com\/www.fannywalz.com\/fw\/wp-content\/uploads\/2018\/09\/et-si-mon-prochain-livre-etait-le-votre.jpg?resize=250%2C252 250w, https:\/\/i0.wp.com\/www.fannywalz.com\/fw\/wp-content\/uploads\/2018\/09\/et-si-mon-prochain-livre-etait-le-votre.jpg?resize=496%2C500 496w, https:\/\/i0.wp.com\/www.fannywalz.com\/fw\/wp-content\/uploads\/2018\/09\/et-si-mon-prochain-livre-etait-le-votre.jpg?resize=700%2C706 700w, https:\/\/i0.wp.com\/www.fannywalz.com\/fw\/wp-content\/uploads\/2018\/09\/et-si-mon-prochain-livre-etait-le-votre.jpg?resize=100%2C100 100w, https:\/\/i0.wp.com\/www.fannywalz.com\/fw\/wp-content\/uploads\/2018\/09\/et-si-mon-prochain-livre-etait-le-votre.jpg?resize=738%2C745 738w, https:\/\/i0.wp.com\/www.fannywalz.com\/fw\/wp-content\/uploads\/2018\/09\/et-si-mon-prochain-livre-etait-le-votre.jpg?resize=996%2C1005 996w\" sizes=\"(max-width: 480px) 100vw, 480px\" data-recalc-dims=\"1\" \/><\/p>\n<p>Car que ce soit un livre d&rsquo;entreprise, un rapport d&rsquo;activit\u00e9, un livre de cuisine ou le livre de votre vie, mon <span style=\"color: #ed7889;\">implication sera la m\u00eame<\/span> !<\/p>\n<p>En parall\u00e8le je poursuis mes apprentissages graphiques gr\u00e2ce \u00e0 diverses <span style=\"color: #ed7889;\">formations<\/span> : la <span style=\"color: #ed7889;\">peinture de lettres<\/span> (pour toute r\u00e9alisation d&rsquo;enseignes ou objets d\u00e9coratifs), la <span style=\"color: #ed7889;\">gravure<\/span> (sur bois, lino ou gomme pour une identit\u00e9 originale ou \u00e0 but illustratif) et bient\u00f4t des r\u00e9alisations en <span style=\"color: #ed7889;\">pop-up<\/span> (carterie, livre\u2026).<\/p>\n<p><img loading=\"lazy\" decoding=\"async\" data-attachment-id=\"4094\" data-permalink=\"http:\/\/www.fannywalz.com\/fw\/cest-la-rentree-creation-graphique-lettres-peintes-strasbourg-edition\/graphisme-gravure-lettre-peinte-fanny-walz-2\/\" data-orig-file=\"https:\/\/i0.wp.com\/www.fannywalz.com\/fw\/wp-content\/uploads\/2018\/09\/graphisme-gravure-lettre-peinte-fanny-walz-.jpg?fit=1004%2C740\" data-orig-size=\"1004,740\" data-comments-opened=\"0\" data-image-meta=\"{&quot;aperture&quot;:&quot;0&quot;,&quot;credit&quot;:&quot;&quot;,&quot;camera&quot;:&quot;&quot;,&quot;caption&quot;:&quot;&quot;,&quot;created_timestamp&quot;:&quot;0&quot;,&quot;copyright&quot;:&quot;&quot;,&quot;focal_length&quot;:&quot;0&quot;,&quot;iso&quot;:&quot;0&quot;,&quot;shutter_speed&quot;:&quot;0&quot;,&quot;title&quot;:&quot;&quot;,&quot;orientation&quot;:&quot;1&quot;}\" data-image-title=\"graphisme-gravure-lettre-peinte-fanny-walz-\" data-image-description=\"\" data-image-caption=\"\" data-medium-file=\"https:\/\/i0.wp.com\/www.fannywalz.com\/fw\/wp-content\/uploads\/2018\/09\/graphisme-gravure-lettre-peinte-fanny-walz-.jpg?fit=500%2C369\" data-large-file=\"https:\/\/i0.wp.com\/www.fannywalz.com\/fw\/wp-content\/uploads\/2018\/09\/graphisme-gravure-lettre-peinte-fanny-walz-.jpg?fit=480%2C354\" class=\"aligncenter size-full wp-image-4094\" src=\"https:\/\/i0.wp.com\/www.fannywalz.com\/fw\/wp-content\/uploads\/2018\/09\/graphisme-gravure-lettre-peinte-fanny-walz-.jpg?resize=480%2C354\" alt=\"Graphisme Gravure et Lettres peintes\" width=\"480\" height=\"354\" srcset=\"https:\/\/i0.wp.com\/www.fannywalz.com\/fw\/wp-content\/uploads\/2018\/09\/graphisme-gravure-lettre-peinte-fanny-walz-.jpg?w=1004 1004w, https:\/\/i0.wp.com\/www.fannywalz.com\/fw\/wp-content\/uploads\/2018\/09\/graphisme-gravure-lettre-peinte-fanny-walz-.jpg?resize=250%2C184 250w, https:\/\/i0.wp.com\/www.fannywalz.com\/fw\/wp-content\/uploads\/2018\/09\/graphisme-gravure-lettre-peinte-fanny-walz-.jpg?resize=500%2C369 500w, https:\/\/i0.wp.com\/www.fannywalz.com\/fw\/wp-content\/uploads\/2018\/09\/graphisme-gravure-lettre-peinte-fanny-walz-.jpg?resize=700%2C516 700w, https:\/\/i0.wp.com\/www.fannywalz.com\/fw\/wp-content\/uploads\/2018\/09\/graphisme-gravure-lettre-peinte-fanny-walz-.jpg?resize=738%2C544 738w, https:\/\/i0.wp.com\/www.fannywalz.com\/fw\/wp-content\/uploads\/2018\/09\/graphisme-gravure-lettre-peinte-fanny-walz-.jpg?resize=996%2C734 996w\" sizes=\"(max-width: 480px) 100vw, 480px\" data-recalc-dims=\"1\" \/><br \/>\nAffaire \u00e0 suivre donc !<\/p>\n<p><span style=\"color: #ed7889;\">Bonne rentr\u00e9e !<\/span><\/p>\n","protected":false},"excerpt":{"rendered":"<p>Je profite de ce jour de rentr\u00e9e pour faire le point sur mon activit\u00e9 et regarder un peu en arri\u00e8re. Cela fait 10 ans que je r\u00e9alise des projets graphiques tr\u00e8s vari\u00e9s. C&rsquo;est un anniversaire heureux ! Dix ann\u00e9es riches en cr\u00e9ation qui ouvrent la porte \u00e0 d&rsquo;autres beaux projets \u00e0 venir, je m&rsquo;en r\u00e9jouis\u2026 &#8230;<\/p>\n","protected":false},"author":1,"featured_media":0,"comment_status":"closed","ping_status":"closed","sticky":false,"template":"","format":"standard","meta":{"jetpack_post_was_ever_published":false,"_jetpack_newsletter_access":"","_jetpack_dont_email_post_to_subs":false,"_jetpack_newsletter_tier_id":0,"_jetpack_memberships_contains_paywalled_content":false,"_jetpack_memberships_contains_paid_content":false,"footnotes":""},"categories":[38],"tags":[],"yoast_head":"<!-- This site is optimized with the Yoast SEO plugin v24.4 - https:\/\/yoast.com\/wordpress\/plugins\/seo\/ -->\n<title>C&#039;est la rentr\u00e9e ! - Fanny Walz<\/title>\n<meta name=\"robots\" content=\"index, follow, max-snippet:-1, max-image-preview:large, max-video-preview:-1\" \/>\n<link rel=\"canonical\" href=\"http:\/\/www.fannywalz.com\/fw\/cest-la-rentree-creation-graphique-lettres-peintes-strasbourg-edition\/\" \/>\n<meta property=\"og:locale\" content=\"fr_FR\" \/>\n<meta property=\"og:type\" content=\"article\" \/>\n<meta property=\"og:title\" content=\"C&#039;est la rentr\u00e9e ! - Fanny Walz\" \/>\n<meta property=\"og:description\" content=\"Je profite de ce jour de rentr\u00e9e pour faire le point sur mon activit\u00e9 et regarder un peu en arri\u00e8re. Cela fait 10 ans que je r\u00e9alise des projets graphiques tr\u00e8s vari\u00e9s. C&rsquo;est un anniversaire heureux ! Dix ann\u00e9es riches en cr\u00e9ation qui ouvrent la porte \u00e0 d&rsquo;autres beaux projets \u00e0 venir, je m&rsquo;en r\u00e9jouis\u2026 ...\" \/>\n<meta property=\"og:url\" content=\"http:\/\/www.fannywalz.com\/fw\/cest-la-rentree-creation-graphique-lettres-peintes-strasbourg-edition\/\" \/>\n<meta property=\"og:site_name\" content=\"Fanny Walz\" \/>\n<meta property=\"article:published_time\" content=\"2018-09-04T09:11:15+00:00\" \/>\n<meta property=\"article:modified_time\" content=\"2024-05-16T15:19:57+00:00\" \/>\n<meta property=\"og:image\" content=\"http:\/\/www.fannywalz.com\/fw\/wp-content\/uploads\/2018\/09\/vincent-van-gpgh-auvers-fanny-walz-peter-knapp-1-1.jpg\" \/>\n<meta name=\"author\" content=\"fw831112\" \/>\n<meta name=\"twitter:card\" content=\"summary_large_image\" \/>\n<meta name=\"twitter:label1\" content=\"\u00c9crit par\" \/>\n\t<meta name=\"twitter:data1\" content=\"fw831112\" \/>\n\t<meta name=\"twitter:label2\" content=\"Dur\u00e9e de lecture estim\u00e9e\" \/>\n\t<meta name=\"twitter:data2\" content=\"6 minutes\" \/>\n<script type=\"application\/ld+json\" class=\"yoast-schema-graph\">{\"@context\":\"https:\/\/schema.org\",\"@graph\":[{\"@type\":\"WebPage\",\"@id\":\"http:\/\/www.fannywalz.com\/fw\/cest-la-rentree-creation-graphique-lettres-peintes-strasbourg-edition\/\",\"url\":\"http:\/\/www.fannywalz.com\/fw\/cest-la-rentree-creation-graphique-lettres-peintes-strasbourg-edition\/\",\"name\":\"C'est la rentr\u00e9e ! - Fanny Walz\",\"isPartOf\":{\"@id\":\"http:\/\/www.fannywalz.com\/fw\/#website\"},\"primaryImageOfPage\":{\"@id\":\"http:\/\/www.fannywalz.com\/fw\/cest-la-rentree-creation-graphique-lettres-peintes-strasbourg-edition\/#primaryimage\"},\"image\":{\"@id\":\"http:\/\/www.fannywalz.com\/fw\/cest-la-rentree-creation-graphique-lettres-peintes-strasbourg-edition\/#primaryimage\"},\"thumbnailUrl\":\"http:\/\/www.fannywalz.com\/fw\/wp-content\/uploads\/2018\/09\/vincent-van-gpgh-auvers-fanny-walz-peter-knapp-1-1.jpg\",\"datePublished\":\"2018-09-04T09:11:15+00:00\",\"dateModified\":\"2024-05-16T15:19:57+00:00\",\"author\":{\"@id\":\"http:\/\/www.fannywalz.com\/fw\/#\/schema\/person\/cbf435df357c9a89cdc2490e545b482e\"},\"breadcrumb\":{\"@id\":\"http:\/\/www.fannywalz.com\/fw\/cest-la-rentree-creation-graphique-lettres-peintes-strasbourg-edition\/#breadcrumb\"},\"inLanguage\":\"fr-FR\",\"potentialAction\":[{\"@type\":\"ReadAction\",\"target\":[\"http:\/\/www.fannywalz.com\/fw\/cest-la-rentree-creation-graphique-lettres-peintes-strasbourg-edition\/\"]}]},{\"@type\":\"ImageObject\",\"inLanguage\":\"fr-FR\",\"@id\":\"http:\/\/www.fannywalz.com\/fw\/cest-la-rentree-creation-graphique-lettres-peintes-strasbourg-edition\/#primaryimage\",\"url\":\"https:\/\/i0.wp.com\/www.fannywalz.com\/fw\/wp-content\/uploads\/2018\/09\/vincent-van-gpgh-auvers-fanny-walz-peter-knapp-1-1.jpg?fit=1004%2C794\",\"contentUrl\":\"https:\/\/i0.wp.com\/www.fannywalz.com\/fw\/wp-content\/uploads\/2018\/09\/vincent-van-gpgh-auvers-fanny-walz-peter-knapp-1-1.jpg?fit=1004%2C794\",\"width\":1004,\"height\":794,\"caption\":\"Projet Vincent van Gogh \u00e0 Auvers\"},{\"@type\":\"BreadcrumbList\",\"@id\":\"http:\/\/www.fannywalz.com\/fw\/cest-la-rentree-creation-graphique-lettres-peintes-strasbourg-edition\/#breadcrumb\",\"itemListElement\":[{\"@type\":\"ListItem\",\"position\":1,\"name\":\"Accueil\",\"item\":\"http:\/\/www.fannywalz.com\/fw\/\"},{\"@type\":\"ListItem\",\"position\":2,\"name\":\"C&rsquo;est la rentr\u00e9e !\"}]},{\"@type\":\"WebSite\",\"@id\":\"http:\/\/www.fannywalz.com\/fw\/#website\",\"url\":\"http:\/\/www.fannywalz.com\/fw\/\",\"name\":\"Fanny Walz\",\"description\":\"Graphisme et cr\u00e9ations artisanales\",\"potentialAction\":[{\"@type\":\"SearchAction\",\"target\":{\"@type\":\"EntryPoint\",\"urlTemplate\":\"http:\/\/www.fannywalz.com\/fw\/?s={search_term_string}\"},\"query-input\":{\"@type\":\"PropertyValueSpecification\",\"valueRequired\":true,\"valueName\":\"search_term_string\"}}],\"inLanguage\":\"fr-FR\"},{\"@type\":\"Person\",\"@id\":\"http:\/\/www.fannywalz.com\/fw\/#\/schema\/person\/cbf435df357c9a89cdc2490e545b482e\",\"name\":\"fw831112\",\"url\":\"http:\/\/www.fannywalz.com\/fw\/author\/fw831112\/\"}]}<\/script>\n<!-- \/ Yoast SEO plugin. -->","yoast_head_json":{"title":"C'est la rentr\u00e9e ! - Fanny Walz","robots":{"index":"index","follow":"follow","max-snippet":"max-snippet:-1","max-image-preview":"max-image-preview:large","max-video-preview":"max-video-preview:-1"},"canonical":"http:\/\/www.fannywalz.com\/fw\/cest-la-rentree-creation-graphique-lettres-peintes-strasbourg-edition\/","og_locale":"fr_FR","og_type":"article","og_title":"C'est la rentr\u00e9e ! - Fanny Walz","og_description":"Je profite de ce jour de rentr\u00e9e pour faire le point sur mon activit\u00e9 et regarder un peu en arri\u00e8re. Cela fait 10 ans que je r\u00e9alise des projets graphiques tr\u00e8s vari\u00e9s. C&rsquo;est un anniversaire heureux ! Dix ann\u00e9es riches en cr\u00e9ation qui ouvrent la porte \u00e0 d&rsquo;autres beaux projets \u00e0 venir, je m&rsquo;en r\u00e9jouis\u2026 ...","og_url":"http:\/\/www.fannywalz.com\/fw\/cest-la-rentree-creation-graphique-lettres-peintes-strasbourg-edition\/","og_site_name":"Fanny Walz","article_published_time":"2018-09-04T09:11:15+00:00","article_modified_time":"2024-05-16T15:19:57+00:00","og_image":[{"url":"http:\/\/www.fannywalz.com\/fw\/wp-content\/uploads\/2018\/09\/vincent-van-gpgh-auvers-fanny-walz-peter-knapp-1-1.jpg","type":"","width":"","height":""}],"author":"fw831112","twitter_card":"summary_large_image","twitter_misc":{"\u00c9crit par":"fw831112","Dur\u00e9e de lecture estim\u00e9e":"6 minutes"},"schema":{"@context":"https:\/\/schema.org","@graph":[{"@type":"WebPage","@id":"http:\/\/www.fannywalz.com\/fw\/cest-la-rentree-creation-graphique-lettres-peintes-strasbourg-edition\/","url":"http:\/\/www.fannywalz.com\/fw\/cest-la-rentree-creation-graphique-lettres-peintes-strasbourg-edition\/","name":"C'est la rentr\u00e9e ! - Fanny Walz","isPartOf":{"@id":"http:\/\/www.fannywalz.com\/fw\/#website"},"primaryImageOfPage":{"@id":"http:\/\/www.fannywalz.com\/fw\/cest-la-rentree-creation-graphique-lettres-peintes-strasbourg-edition\/#primaryimage"},"image":{"@id":"http:\/\/www.fannywalz.com\/fw\/cest-la-rentree-creation-graphique-lettres-peintes-strasbourg-edition\/#primaryimage"},"thumbnailUrl":"http:\/\/www.fannywalz.com\/fw\/wp-content\/uploads\/2018\/09\/vincent-van-gpgh-auvers-fanny-walz-peter-knapp-1-1.jpg","datePublished":"2018-09-04T09:11:15+00:00","dateModified":"2024-05-16T15:19:57+00:00","author":{"@id":"http:\/\/www.fannywalz.com\/fw\/#\/schema\/person\/cbf435df357c9a89cdc2490e545b482e"},"breadcrumb":{"@id":"http:\/\/www.fannywalz.com\/fw\/cest-la-rentree-creation-graphique-lettres-peintes-strasbourg-edition\/#breadcrumb"},"inLanguage":"fr-FR","potentialAction":[{"@type":"ReadAction","target":["http:\/\/www.fannywalz.com\/fw\/cest-la-rentree-creation-graphique-lettres-peintes-strasbourg-edition\/"]}]},{"@type":"ImageObject","inLanguage":"fr-FR","@id":"http:\/\/www.fannywalz.com\/fw\/cest-la-rentree-creation-graphique-lettres-peintes-strasbourg-edition\/#primaryimage","url":"https:\/\/i0.wp.com\/www.fannywalz.com\/fw\/wp-content\/uploads\/2018\/09\/vincent-van-gpgh-auvers-fanny-walz-peter-knapp-1-1.jpg?fit=1004%2C794","contentUrl":"https:\/\/i0.wp.com\/www.fannywalz.com\/fw\/wp-content\/uploads\/2018\/09\/vincent-van-gpgh-auvers-fanny-walz-peter-knapp-1-1.jpg?fit=1004%2C794","width":1004,"height":794,"caption":"Projet Vincent van Gogh \u00e0 Auvers"},{"@type":"BreadcrumbList","@id":"http:\/\/www.fannywalz.com\/fw\/cest-la-rentree-creation-graphique-lettres-peintes-strasbourg-edition\/#breadcrumb","itemListElement":[{"@type":"ListItem","position":1,"name":"Accueil","item":"http:\/\/www.fannywalz.com\/fw\/"},{"@type":"ListItem","position":2,"name":"C&rsquo;est la rentr\u00e9e !"}]},{"@type":"WebSite","@id":"http:\/\/www.fannywalz.com\/fw\/#website","url":"http:\/\/www.fannywalz.com\/fw\/","name":"Fanny Walz","description":"Graphisme et cr\u00e9ations artisanales","potentialAction":[{"@type":"SearchAction","target":{"@type":"EntryPoint","urlTemplate":"http:\/\/www.fannywalz.com\/fw\/?s={search_term_string}"},"query-input":{"@type":"PropertyValueSpecification","valueRequired":true,"valueName":"search_term_string"}}],"inLanguage":"fr-FR"},{"@type":"Person","@id":"http:\/\/www.fannywalz.com\/fw\/#\/schema\/person\/cbf435df357c9a89cdc2490e545b482e","name":"fw831112","url":"http:\/\/www.fannywalz.com\/fw\/author\/fw831112\/"}]}},"jetpack_featured_media_url":"","jetpack_sharing_enabled":true,"jetpack_shortlink":"https:\/\/wp.me\/p7CG5d-12d","_links":{"self":[{"href":"http:\/\/www.fannywalz.com\/fw\/wp-json\/wp\/v2\/posts\/3981"}],"collection":[{"href":"http:\/\/www.fannywalz.com\/fw\/wp-json\/wp\/v2\/posts"}],"about":[{"href":"http:\/\/www.fannywalz.com\/fw\/wp-json\/wp\/v2\/types\/post"}],"author":[{"embeddable":true,"href":"http:\/\/www.fannywalz.com\/fw\/wp-json\/wp\/v2\/users\/1"}],"replies":[{"embeddable":true,"href":"http:\/\/www.fannywalz.com\/fw\/wp-json\/wp\/v2\/comments?post=3981"}],"version-history":[{"count":123,"href":"http:\/\/www.fannywalz.com\/fw\/wp-json\/wp\/v2\/posts\/3981\/revisions"}],"predecessor-version":[{"id":17940,"href":"http:\/\/www.fannywalz.com\/fw\/wp-json\/wp\/v2\/posts\/3981\/revisions\/17940"}],"wp:attachment":[{"href":"http:\/\/www.fannywalz.com\/fw\/wp-json\/wp\/v2\/media?parent=3981"}],"wp:term":[{"taxonomy":"category","embeddable":true,"href":"http:\/\/www.fannywalz.com\/fw\/wp-json\/wp\/v2\/categories?post=3981"},{"taxonomy":"post_tag","embeddable":true,"href":"http:\/\/www.fannywalz.com\/fw\/wp-json\/wp\/v2\/tags?post=3981"}],"curies":[{"name":"wp","href":"https:\/\/api.w.org\/{rel}","templated":true}]}}