{"id":3659,"date":"2018-02-05T17:31:57","date_gmt":"2018-02-05T16:31:57","guid":{"rendered":"http:\/\/www.fannywalz.com\/fw\/?p=3659"},"modified":"2018-02-06T12:32:53","modified_gmt":"2018-02-06T11:32:53","slug":"janvier-2018-inspiration-graphique-exploration-typographique-graphisme-peinture-lettre-strasbourg-alsace","status":"publish","type":"post","link":"http:\/\/www.fannywalz.com\/fw\/janvier-2018-inspiration-graphique-exploration-typographique-graphisme-peinture-lettre-strasbourg-alsace\/","title":{"rendered":"Janvier 2018"},"content":{"rendered":"<p>En janvier, je suis sortie de mon hibernation pour <span style=\"color:#ed7889;\">tracer des lettres<\/span> en quelques coups de pinceaux. Arm\u00e9e de pinceaux Mack et de peinture Ronan Aquacote et System 3, je reprends les bases et trouve une aisance insoup\u00e7onn\u00e9e. Je trouve dans la <span style=\"color:#ed7889;\">peinture en lettres<\/span> quelque chose de fascinant. Outre le r\u00e9sultat graphique, le processus a toute son importance et r\u00e9ussir le trac\u00e9 d&rsquo;une courbe avec un pinceau est assez jubilatoire. <\/p>\n<h2>Au travail !<\/h2>\n<p>Vous pouvez suivre mes explorations en peinture sur <a href=\"https:\/\/www.instagram.com\/fannywalz\/\" rel=\"noopener\" target=\"_blank\">Instagram<\/a>.<\/p>\n<p>Derni\u00e8rement r\u00e9alis\u00e9 :<\/p>\n<p>\u2013 une <a href=\"https:\/\/www.instagram.com\/p\/Be0bzI0AowW\/?taken-by=fannywalz\" rel=\"noopener\" target=\"_blank\">carte d&rsquo;anniversaire<\/a> express<\/p>\n<p><img loading=\"lazy\" decoding=\"async\" data-attachment-id=\"3738\" data-permalink=\"http:\/\/www.fannywalz.com\/fw\/janvier-2018-inspiration-graphique-exploration-typographique-graphisme-peinture-lettre-strasbourg-alsace\/instagram-lettres-carte-anniversaire\/\" data-orig-file=\"https:\/\/i0.wp.com\/www.fannywalz.com\/fw\/wp-content\/uploads\/2018\/02\/instagram-lettres-carte-anniversaire.jpg?fit=700%2C450\" data-orig-size=\"700,450\" data-comments-opened=\"0\" data-image-meta=\"{&quot;aperture&quot;:&quot;0&quot;,&quot;credit&quot;:&quot;&quot;,&quot;camera&quot;:&quot;&quot;,&quot;caption&quot;:&quot;&quot;,&quot;created_timestamp&quot;:&quot;0&quot;,&quot;copyright&quot;:&quot;&quot;,&quot;focal_length&quot;:&quot;0&quot;,&quot;iso&quot;:&quot;0&quot;,&quot;shutter_speed&quot;:&quot;0&quot;,&quot;title&quot;:&quot;&quot;,&quot;orientation&quot;:&quot;1&quot;}\" data-image-title=\"instagram-lettres-carte-anniversaire\" data-image-description=\"\" data-image-caption=\"\" data-medium-file=\"https:\/\/i0.wp.com\/www.fannywalz.com\/fw\/wp-content\/uploads\/2018\/02\/instagram-lettres-carte-anniversaire.jpg?fit=500%2C321\" data-large-file=\"https:\/\/i0.wp.com\/www.fannywalz.com\/fw\/wp-content\/uploads\/2018\/02\/instagram-lettres-carte-anniversaire.jpg?fit=480%2C309\" src=\"https:\/\/i0.wp.com\/www.fannywalz.com\/fw\/wp-content\/uploads\/2018\/02\/instagram-lettres-carte-anniversaire.jpg?resize=480%2C309\" alt=\"Carte d&#039;anniversaire en lettres peintes\" width=\"480\" height=\"309\" class=\"aligncenter size-full wp-image-3738\" srcset=\"https:\/\/i0.wp.com\/www.fannywalz.com\/fw\/wp-content\/uploads\/2018\/02\/instagram-lettres-carte-anniversaire.jpg?w=700 700w, https:\/\/i0.wp.com\/www.fannywalz.com\/fw\/wp-content\/uploads\/2018\/02\/instagram-lettres-carte-anniversaire.jpg?resize=250%2C161 250w, https:\/\/i0.wp.com\/www.fannywalz.com\/fw\/wp-content\/uploads\/2018\/02\/instagram-lettres-carte-anniversaire.jpg?resize=500%2C321 500w\" sizes=\"(max-width: 480px) 100vw, 480px\" data-recalc-dims=\"1\" \/><\/p>\n<p>\u2013 la <a href=\"https:\/\/www.instagram.com\/p\/BedRaoOgFir\/?taken-by=fannywalz\" rel=\"noopener\" target=\"_blank\">signal\u00e9tique<\/a> d&rsquo;un port d&#8217;embarquement (pour un jeu d&rsquo;enfant)<\/p>\n<p><img loading=\"lazy\" decoding=\"async\" data-attachment-id=\"3739\" data-permalink=\"http:\/\/www.fannywalz.com\/fw\/janvier-2018-inspiration-graphique-exploration-typographique-graphisme-peinture-lettre-strasbourg-alsace\/instagram-lettres-signaletique-bateau\/\" data-orig-file=\"https:\/\/i0.wp.com\/www.fannywalz.com\/fw\/wp-content\/uploads\/2018\/02\/instagram-lettres-signaletique-bateau.jpg?fit=700%2C450\" data-orig-size=\"700,450\" data-comments-opened=\"0\" data-image-meta=\"{&quot;aperture&quot;:&quot;0&quot;,&quot;credit&quot;:&quot;&quot;,&quot;camera&quot;:&quot;&quot;,&quot;caption&quot;:&quot;&quot;,&quot;created_timestamp&quot;:&quot;0&quot;,&quot;copyright&quot;:&quot;&quot;,&quot;focal_length&quot;:&quot;0&quot;,&quot;iso&quot;:&quot;0&quot;,&quot;shutter_speed&quot;:&quot;0&quot;,&quot;title&quot;:&quot;&quot;,&quot;orientation&quot;:&quot;1&quot;}\" data-image-title=\"instagram-lettres-signaletique-bateau\" data-image-description=\"\" data-image-caption=\"\" data-medium-file=\"https:\/\/i0.wp.com\/www.fannywalz.com\/fw\/wp-content\/uploads\/2018\/02\/instagram-lettres-signaletique-bateau.jpg?fit=500%2C321\" data-large-file=\"https:\/\/i0.wp.com\/www.fannywalz.com\/fw\/wp-content\/uploads\/2018\/02\/instagram-lettres-signaletique-bateau.jpg?fit=480%2C309\" src=\"https:\/\/i0.wp.com\/www.fannywalz.com\/fw\/wp-content\/uploads\/2018\/02\/instagram-lettres-signaletique-bateau.jpg?resize=480%2C309\" alt=\"Panneau bateau lettres peintes\" width=\"480\" height=\"309\" class=\"aligncenter size-full wp-image-3739\" srcset=\"https:\/\/i0.wp.com\/www.fannywalz.com\/fw\/wp-content\/uploads\/2018\/02\/instagram-lettres-signaletique-bateau.jpg?w=700 700w, https:\/\/i0.wp.com\/www.fannywalz.com\/fw\/wp-content\/uploads\/2018\/02\/instagram-lettres-signaletique-bateau.jpg?resize=250%2C161 250w, https:\/\/i0.wp.com\/www.fannywalz.com\/fw\/wp-content\/uploads\/2018\/02\/instagram-lettres-signaletique-bateau.jpg?resize=500%2C321 500w\" sizes=\"(max-width: 480px) 100vw, 480px\" data-recalc-dims=\"1\" \/><\/p>\n<h2>Souvenir 1<\/h2>\n<p>Pour le <span style=\"color:#ed7889;\">souvenir,<\/span> voici quelques photos du <span style=\"color:#ed7889;\">panneau r\u00e9alis\u00e9 l&rsquo;ann\u00e9e derni\u00e8re<\/span> lors de ma formation <em>Lettres peintes<\/em> \u00e0 l&rsquo;\u00e9cole Blot \u00e0 Reims. <\/p>\n<p>\u2013 Pr\u00e9paration du fond<\/p>\n<p><img loading=\"lazy\" decoding=\"async\" data-attachment-id=\"3690\" data-permalink=\"http:\/\/www.fannywalz.com\/fw\/janvier-2018-inspiration-graphique-exploration-typographique-graphisme-peinture-lettre-strasbourg-alsace\/panneau-dsc09373\/\" data-orig-file=\"https:\/\/i0.wp.com\/www.fannywalz.com\/fw\/wp-content\/uploads\/2018\/02\/panneau-DSC09373.jpg?fit=700%2C450\" data-orig-size=\"700,450\" data-comments-opened=\"0\" data-image-meta=\"{&quot;aperture&quot;:&quot;4&quot;,&quot;credit&quot;:&quot;&quot;,&quot;camera&quot;:&quot;NEX-7&quot;,&quot;caption&quot;:&quot;&quot;,&quot;created_timestamp&quot;:&quot;1490097687&quot;,&quot;copyright&quot;:&quot;&quot;,&quot;focal_length&quot;:&quot;18&quot;,&quot;iso&quot;:&quot;160&quot;,&quot;shutter_speed&quot;:&quot;0.016666666666667&quot;,&quot;title&quot;:&quot;&quot;,&quot;orientation&quot;:&quot;1&quot;}\" data-image-title=\"panneau-DSC09373\" data-image-description=\"\" data-image-caption=\"\" data-medium-file=\"https:\/\/i0.wp.com\/www.fannywalz.com\/fw\/wp-content\/uploads\/2018\/02\/panneau-DSC09373.jpg?fit=500%2C321\" data-large-file=\"https:\/\/i0.wp.com\/www.fannywalz.com\/fw\/wp-content\/uploads\/2018\/02\/panneau-DSC09373.jpg?fit=480%2C309\" src=\"https:\/\/i0.wp.com\/www.fannywalz.com\/fw\/wp-content\/uploads\/2018\/02\/panneau-DSC09373.jpg?resize=480%2C309\" alt=\"Panneau lettres peintes\" width=\"480\" height=\"309\" class=\"aligncenter size-full wp-image-3690\" srcset=\"https:\/\/i0.wp.com\/www.fannywalz.com\/fw\/wp-content\/uploads\/2018\/02\/panneau-DSC09373.jpg?w=700 700w, https:\/\/i0.wp.com\/www.fannywalz.com\/fw\/wp-content\/uploads\/2018\/02\/panneau-DSC09373.jpg?resize=250%2C161 250w, https:\/\/i0.wp.com\/www.fannywalz.com\/fw\/wp-content\/uploads\/2018\/02\/panneau-DSC09373.jpg?resize=500%2C321 500w\" sizes=\"(max-width: 480px) 100vw, 480px\" data-recalc-dims=\"1\" \/><\/p>\n<p>\u2013 Dessin des lettres sur papier calque<\/p>\n<p><img loading=\"lazy\" decoding=\"async\" data-attachment-id=\"3691\" data-permalink=\"http:\/\/www.fannywalz.com\/fw\/janvier-2018-inspiration-graphique-exploration-typographique-graphisme-peinture-lettre-strasbourg-alsace\/panneau-dsc09390\/\" data-orig-file=\"https:\/\/i0.wp.com\/www.fannywalz.com\/fw\/wp-content\/uploads\/2018\/02\/panneau-DSC09390.jpg?fit=700%2C450\" data-orig-size=\"700,450\" data-comments-opened=\"0\" data-image-meta=\"{&quot;aperture&quot;:&quot;4.5&quot;,&quot;credit&quot;:&quot;&quot;,&quot;camera&quot;:&quot;NEX-7&quot;,&quot;caption&quot;:&quot;&quot;,&quot;created_timestamp&quot;:&quot;1490192415&quot;,&quot;copyright&quot;:&quot;&quot;,&quot;focal_length&quot;:&quot;18&quot;,&quot;iso&quot;:&quot;100&quot;,&quot;shutter_speed&quot;:&quot;0.0125&quot;,&quot;title&quot;:&quot;&quot;,&quot;orientation&quot;:&quot;1&quot;}\" data-image-title=\"panneau-DSC09390\" data-image-description=\"\" data-image-caption=\"\" data-medium-file=\"https:\/\/i0.wp.com\/www.fannywalz.com\/fw\/wp-content\/uploads\/2018\/02\/panneau-DSC09390.jpg?fit=500%2C321\" data-large-file=\"https:\/\/i0.wp.com\/www.fannywalz.com\/fw\/wp-content\/uploads\/2018\/02\/panneau-DSC09390.jpg?fit=480%2C309\" src=\"https:\/\/i0.wp.com\/www.fannywalz.com\/fw\/wp-content\/uploads\/2018\/02\/panneau-DSC09390.jpg?resize=480%2C309\" alt=\"Panneau lettres peintes - dessin\" width=\"480\" height=\"309\" class=\"aligncenter size-full wp-image-3691\" srcset=\"https:\/\/i0.wp.com\/www.fannywalz.com\/fw\/wp-content\/uploads\/2018\/02\/panneau-DSC09390.jpg?w=700 700w, https:\/\/i0.wp.com\/www.fannywalz.com\/fw\/wp-content\/uploads\/2018\/02\/panneau-DSC09390.jpg?resize=250%2C161 250w, https:\/\/i0.wp.com\/www.fannywalz.com\/fw\/wp-content\/uploads\/2018\/02\/panneau-DSC09390.jpg?resize=500%2C321 500w\" sizes=\"(max-width: 480px) 100vw, 480px\" data-recalc-dims=\"1\" \/><br \/>\n<img loading=\"lazy\" decoding=\"async\" data-attachment-id=\"3692\" data-permalink=\"http:\/\/www.fannywalz.com\/fw\/janvier-2018-inspiration-graphique-exploration-typographique-graphisme-peinture-lettre-strasbourg-alsace\/panneau-dsc09452\/\" data-orig-file=\"https:\/\/i0.wp.com\/www.fannywalz.com\/fw\/wp-content\/uploads\/2018\/02\/panneau-DSC09452.jpg?fit=700%2C450\" data-orig-size=\"700,450\" data-comments-opened=\"0\" data-image-meta=\"{&quot;aperture&quot;:&quot;4&quot;,&quot;credit&quot;:&quot;&quot;,&quot;camera&quot;:&quot;NEX-7&quot;,&quot;caption&quot;:&quot;&quot;,&quot;created_timestamp&quot;:&quot;1490264297&quot;,&quot;copyright&quot;:&quot;&quot;,&quot;focal_length&quot;:&quot;18&quot;,&quot;iso&quot;:&quot;100&quot;,&quot;shutter_speed&quot;:&quot;0.016666666666667&quot;,&quot;title&quot;:&quot;&quot;,&quot;orientation&quot;:&quot;1&quot;}\" data-image-title=\"panneau-DSC09452\" data-image-description=\"\" data-image-caption=\"\" data-medium-file=\"https:\/\/i0.wp.com\/www.fannywalz.com\/fw\/wp-content\/uploads\/2018\/02\/panneau-DSC09452.jpg?fit=500%2C321\" data-large-file=\"https:\/\/i0.wp.com\/www.fannywalz.com\/fw\/wp-content\/uploads\/2018\/02\/panneau-DSC09452.jpg?fit=480%2C309\" src=\"https:\/\/i0.wp.com\/www.fannywalz.com\/fw\/wp-content\/uploads\/2018\/02\/panneau-DSC09452.jpg?resize=480%2C309\" alt=\"Panneau lettres peintes - dessin\" width=\"480\" height=\"309\" class=\"aligncenter size-full wp-image-3692\" srcset=\"https:\/\/i0.wp.com\/www.fannywalz.com\/fw\/wp-content\/uploads\/2018\/02\/panneau-DSC09452.jpg?w=700 700w, https:\/\/i0.wp.com\/www.fannywalz.com\/fw\/wp-content\/uploads\/2018\/02\/panneau-DSC09452.jpg?resize=250%2C161 250w, https:\/\/i0.wp.com\/www.fannywalz.com\/fw\/wp-content\/uploads\/2018\/02\/panneau-DSC09452.jpg?resize=500%2C321 500w\" sizes=\"(max-width: 480px) 100vw, 480px\" data-recalc-dims=\"1\" \/><\/p>\n<p>\u2013 Le dessin est transf\u00e9r\u00e9 sur le fond gr\u00e2ce \u00e0 du papier transfert<\/p>\n<p><img loading=\"lazy\" decoding=\"async\" data-attachment-id=\"3698\" data-permalink=\"http:\/\/www.fannywalz.com\/fw\/janvier-2018-inspiration-graphique-exploration-typographique-graphisme-peinture-lettre-strasbourg-alsace\/panneau-dsc09464\/\" data-orig-file=\"https:\/\/i0.wp.com\/www.fannywalz.com\/fw\/wp-content\/uploads\/2018\/02\/panneau-DSC09464.jpg?fit=700%2C450\" data-orig-size=\"700,450\" data-comments-opened=\"0\" data-image-meta=\"{&quot;aperture&quot;:&quot;4&quot;,&quot;credit&quot;:&quot;&quot;,&quot;camera&quot;:&quot;NEX-7&quot;,&quot;caption&quot;:&quot;&quot;,&quot;created_timestamp&quot;:&quot;1490273169&quot;,&quot;copyright&quot;:&quot;&quot;,&quot;focal_length&quot;:&quot;22&quot;,&quot;iso&quot;:&quot;800&quot;,&quot;shutter_speed&quot;:&quot;0.016666666666667&quot;,&quot;title&quot;:&quot;&quot;,&quot;orientation&quot;:&quot;1&quot;}\" data-image-title=\"panneau-DSC09464\" data-image-description=\"\" data-image-caption=\"\" data-medium-file=\"https:\/\/i0.wp.com\/www.fannywalz.com\/fw\/wp-content\/uploads\/2018\/02\/panneau-DSC09464.jpg?fit=500%2C321\" data-large-file=\"https:\/\/i0.wp.com\/www.fannywalz.com\/fw\/wp-content\/uploads\/2018\/02\/panneau-DSC09464.jpg?fit=480%2C309\" src=\"https:\/\/i0.wp.com\/www.fannywalz.com\/fw\/wp-content\/uploads\/2018\/02\/panneau-DSC09464.jpg?resize=480%2C309\" alt=\"Panneau lettres peintes - transfert\" width=\"480\" height=\"309\" class=\"aligncenter size-full wp-image-3698\" srcset=\"https:\/\/i0.wp.com\/www.fannywalz.com\/fw\/wp-content\/uploads\/2018\/02\/panneau-DSC09464.jpg?w=700 700w, https:\/\/i0.wp.com\/www.fannywalz.com\/fw\/wp-content\/uploads\/2018\/02\/panneau-DSC09464.jpg?resize=250%2C161 250w, https:\/\/i0.wp.com\/www.fannywalz.com\/fw\/wp-content\/uploads\/2018\/02\/panneau-DSC09464.jpg?resize=500%2C321 500w\" sizes=\"(max-width: 480px) 100vw, 480px\" data-recalc-dims=\"1\" \/><\/p>\n<p>\u2013 Pr\u00e9paration des couleurs (peinture \u00e0 l&rsquo;huile)<\/p>\n<p><img loading=\"lazy\" decoding=\"async\" data-attachment-id=\"3699\" data-permalink=\"http:\/\/www.fannywalz.com\/fw\/janvier-2018-inspiration-graphique-exploration-typographique-graphisme-peinture-lettre-strasbourg-alsace\/panneau-dsc09470\/\" data-orig-file=\"https:\/\/i0.wp.com\/www.fannywalz.com\/fw\/wp-content\/uploads\/2018\/02\/panneau-DSC09470.jpg?fit=700%2C450\" data-orig-size=\"700,450\" data-comments-opened=\"0\" data-image-meta=\"{&quot;aperture&quot;:&quot;4.5&quot;,&quot;credit&quot;:&quot;&quot;,&quot;camera&quot;:&quot;NEX-7&quot;,&quot;caption&quot;:&quot;&quot;,&quot;created_timestamp&quot;:&quot;1490276963&quot;,&quot;copyright&quot;:&quot;&quot;,&quot;focal_length&quot;:&quot;27&quot;,&quot;iso&quot;:&quot;100&quot;,&quot;shutter_speed&quot;:&quot;0.0125&quot;,&quot;title&quot;:&quot;&quot;,&quot;orientation&quot;:&quot;1&quot;}\" data-image-title=\"panneau-DSC09470\" data-image-description=\"\" data-image-caption=\"\" data-medium-file=\"https:\/\/i0.wp.com\/www.fannywalz.com\/fw\/wp-content\/uploads\/2018\/02\/panneau-DSC09470.jpg?fit=500%2C321\" data-large-file=\"https:\/\/i0.wp.com\/www.fannywalz.com\/fw\/wp-content\/uploads\/2018\/02\/panneau-DSC09470.jpg?fit=480%2C309\" src=\"https:\/\/i0.wp.com\/www.fannywalz.com\/fw\/wp-content\/uploads\/2018\/02\/panneau-DSC09470.jpg?resize=480%2C309\" alt=\"Panneau lettres peintes - peinture\" width=\"480\" height=\"309\" class=\"aligncenter size-full wp-image-3699\" srcset=\"https:\/\/i0.wp.com\/www.fannywalz.com\/fw\/wp-content\/uploads\/2018\/02\/panneau-DSC09470.jpg?w=700 700w, https:\/\/i0.wp.com\/www.fannywalz.com\/fw\/wp-content\/uploads\/2018\/02\/panneau-DSC09470.jpg?resize=250%2C161 250w, https:\/\/i0.wp.com\/www.fannywalz.com\/fw\/wp-content\/uploads\/2018\/02\/panneau-DSC09470.jpg?resize=500%2C321 500w\" sizes=\"(max-width: 480px) 100vw, 480px\" data-recalc-dims=\"1\" \/><\/p>\n<p>\u2013 Peinture<\/p>\n<p><img loading=\"lazy\" decoding=\"async\" data-attachment-id=\"3701\" data-permalink=\"http:\/\/www.fannywalz.com\/fw\/janvier-2018-inspiration-graphique-exploration-typographique-graphisme-peinture-lettre-strasbourg-alsace\/panneau-dsc09479\/\" data-orig-file=\"https:\/\/i0.wp.com\/www.fannywalz.com\/fw\/wp-content\/uploads\/2018\/02\/panneau-DSC09479.jpg?fit=700%2C450\" data-orig-size=\"700,450\" data-comments-opened=\"0\" data-image-meta=\"{&quot;aperture&quot;:&quot;4&quot;,&quot;credit&quot;:&quot;&quot;,&quot;camera&quot;:&quot;NEX-7&quot;,&quot;caption&quot;:&quot;&quot;,&quot;created_timestamp&quot;:&quot;1490293607&quot;,&quot;copyright&quot;:&quot;&quot;,&quot;focal_length&quot;:&quot;18&quot;,&quot;iso&quot;:&quot;500&quot;,&quot;shutter_speed&quot;:&quot;0.016666666666667&quot;,&quot;title&quot;:&quot;&quot;,&quot;orientation&quot;:&quot;1&quot;}\" data-image-title=\"panneau-DSC09479\" data-image-description=\"\" data-image-caption=\"\" data-medium-file=\"https:\/\/i0.wp.com\/www.fannywalz.com\/fw\/wp-content\/uploads\/2018\/02\/panneau-DSC09479.jpg?fit=500%2C321\" data-large-file=\"https:\/\/i0.wp.com\/www.fannywalz.com\/fw\/wp-content\/uploads\/2018\/02\/panneau-DSC09479.jpg?fit=480%2C309\" src=\"https:\/\/i0.wp.com\/www.fannywalz.com\/fw\/wp-content\/uploads\/2018\/02\/panneau-DSC09479.jpg?resize=480%2C309\" alt=\"Panneau lettres peintes - peinture\" width=\"480\" height=\"309\" class=\"aligncenter size-full wp-image-3701\" srcset=\"https:\/\/i0.wp.com\/www.fannywalz.com\/fw\/wp-content\/uploads\/2018\/02\/panneau-DSC09479.jpg?w=700 700w, https:\/\/i0.wp.com\/www.fannywalz.com\/fw\/wp-content\/uploads\/2018\/02\/panneau-DSC09479.jpg?resize=250%2C161 250w, https:\/\/i0.wp.com\/www.fannywalz.com\/fw\/wp-content\/uploads\/2018\/02\/panneau-DSC09479.jpg?resize=500%2C321 500w\" sizes=\"(max-width: 480px) 100vw, 480px\" data-recalc-dims=\"1\" \/><br \/>\n<img loading=\"lazy\" decoding=\"async\" data-attachment-id=\"3703\" data-permalink=\"http:\/\/www.fannywalz.com\/fw\/janvier-2018-inspiration-graphique-exploration-typographique-graphisme-peinture-lettre-strasbourg-alsace\/panneau-dsc09621\/\" data-orig-file=\"https:\/\/i0.wp.com\/www.fannywalz.com\/fw\/wp-content\/uploads\/2018\/02\/panneau-DSC09621.jpg?fit=700%2C450\" data-orig-size=\"700,450\" data-comments-opened=\"0\" data-image-meta=\"{&quot;aperture&quot;:&quot;4.5&quot;,&quot;credit&quot;:&quot;&quot;,&quot;camera&quot;:&quot;NEX-7&quot;,&quot;caption&quot;:&quot;&quot;,&quot;created_timestamp&quot;:&quot;1490374832&quot;,&quot;copyright&quot;:&quot;&quot;,&quot;focal_length&quot;:&quot;44&quot;,&quot;iso&quot;:&quot;640&quot;,&quot;shutter_speed&quot;:&quot;0.0125&quot;,&quot;title&quot;:&quot;&quot;,&quot;orientation&quot;:&quot;1&quot;}\" data-image-title=\"panneau-DSC09621\" data-image-description=\"\" data-image-caption=\"\" data-medium-file=\"https:\/\/i0.wp.com\/www.fannywalz.com\/fw\/wp-content\/uploads\/2018\/02\/panneau-DSC09621.jpg?fit=500%2C321\" data-large-file=\"https:\/\/i0.wp.com\/www.fannywalz.com\/fw\/wp-content\/uploads\/2018\/02\/panneau-DSC09621.jpg?fit=480%2C309\" src=\"https:\/\/i0.wp.com\/www.fannywalz.com\/fw\/wp-content\/uploads\/2018\/02\/panneau-DSC09621.jpg?resize=480%2C309\" alt=\"Panneau lettres peintes - peinture\" width=\"480\" height=\"309\" class=\"aligncenter size-full wp-image-3703\" srcset=\"https:\/\/i0.wp.com\/www.fannywalz.com\/fw\/wp-content\/uploads\/2018\/02\/panneau-DSC09621.jpg?w=700 700w, https:\/\/i0.wp.com\/www.fannywalz.com\/fw\/wp-content\/uploads\/2018\/02\/panneau-DSC09621.jpg?resize=250%2C161 250w, https:\/\/i0.wp.com\/www.fannywalz.com\/fw\/wp-content\/uploads\/2018\/02\/panneau-DSC09621.jpg?resize=500%2C321 500w\" sizes=\"(max-width: 480px) 100vw, 480px\" data-recalc-dims=\"1\" \/><br \/>\n<img loading=\"lazy\" decoding=\"async\" data-attachment-id=\"3705\" data-permalink=\"http:\/\/www.fannywalz.com\/fw\/janvier-2018-inspiration-graphique-exploration-typographique-graphisme-peinture-lettre-strasbourg-alsace\/panneau-dsc09630\/\" data-orig-file=\"https:\/\/i0.wp.com\/www.fannywalz.com\/fw\/wp-content\/uploads\/2018\/02\/panneau-DSC09630.jpg?fit=700%2C450\" data-orig-size=\"700,450\" data-comments-opened=\"0\" data-image-meta=\"{&quot;aperture&quot;:&quot;4.5&quot;,&quot;credit&quot;:&quot;&quot;,&quot;camera&quot;:&quot;NEX-7&quot;,&quot;caption&quot;:&quot;&quot;,&quot;created_timestamp&quot;:&quot;1490374896&quot;,&quot;copyright&quot;:&quot;&quot;,&quot;focal_length&quot;:&quot;42&quot;,&quot;iso&quot;:&quot;400&quot;,&quot;shutter_speed&quot;:&quot;0.0125&quot;,&quot;title&quot;:&quot;&quot;,&quot;orientation&quot;:&quot;1&quot;}\" data-image-title=\"panneau-DSC09630\" data-image-description=\"\" data-image-caption=\"\" data-medium-file=\"https:\/\/i0.wp.com\/www.fannywalz.com\/fw\/wp-content\/uploads\/2018\/02\/panneau-DSC09630.jpg?fit=500%2C321\" data-large-file=\"https:\/\/i0.wp.com\/www.fannywalz.com\/fw\/wp-content\/uploads\/2018\/02\/panneau-DSC09630.jpg?fit=480%2C309\" src=\"https:\/\/i0.wp.com\/www.fannywalz.com\/fw\/wp-content\/uploads\/2018\/02\/panneau-DSC09630.jpg?resize=480%2C309\" alt=\"Panneau lettres peintes - peinture\" width=\"480\" height=\"309\" class=\"aligncenter size-full wp-image-3705\" srcset=\"https:\/\/i0.wp.com\/www.fannywalz.com\/fw\/wp-content\/uploads\/2018\/02\/panneau-DSC09630.jpg?w=700 700w, https:\/\/i0.wp.com\/www.fannywalz.com\/fw\/wp-content\/uploads\/2018\/02\/panneau-DSC09630.jpg?resize=250%2C161 250w, https:\/\/i0.wp.com\/www.fannywalz.com\/fw\/wp-content\/uploads\/2018\/02\/panneau-DSC09630.jpg?resize=500%2C321 500w\" sizes=\"(max-width: 480px) 100vw, 480px\" data-recalc-dims=\"1\" \/><\/p>\n<p>\u2013 Ombrage<\/p>\n<p><img loading=\"lazy\" decoding=\"async\" data-attachment-id=\"3704\" data-permalink=\"http:\/\/www.fannywalz.com\/fw\/janvier-2018-inspiration-graphique-exploration-typographique-graphisme-peinture-lettre-strasbourg-alsace\/panneau-dsc09623\/\" data-orig-file=\"https:\/\/i0.wp.com\/www.fannywalz.com\/fw\/wp-content\/uploads\/2018\/02\/panneau-DSC09623.jpg?fit=700%2C450\" data-orig-size=\"700,450\" data-comments-opened=\"0\" data-image-meta=\"{&quot;aperture&quot;:&quot;4&quot;,&quot;credit&quot;:&quot;&quot;,&quot;camera&quot;:&quot;NEX-7&quot;,&quot;caption&quot;:&quot;&quot;,&quot;created_timestamp&quot;:&quot;1490374840&quot;,&quot;copyright&quot;:&quot;&quot;,&quot;focal_length&quot;:&quot;25&quot;,&quot;iso&quot;:&quot;200&quot;,&quot;shutter_speed&quot;:&quot;0.016666666666667&quot;,&quot;title&quot;:&quot;&quot;,&quot;orientation&quot;:&quot;1&quot;}\" data-image-title=\"panneau-DSC09623\" data-image-description=\"\" data-image-caption=\"\" data-medium-file=\"https:\/\/i0.wp.com\/www.fannywalz.com\/fw\/wp-content\/uploads\/2018\/02\/panneau-DSC09623.jpg?fit=500%2C321\" data-large-file=\"https:\/\/i0.wp.com\/www.fannywalz.com\/fw\/wp-content\/uploads\/2018\/02\/panneau-DSC09623.jpg?fit=480%2C309\" src=\"https:\/\/i0.wp.com\/www.fannywalz.com\/fw\/wp-content\/uploads\/2018\/02\/panneau-DSC09623.jpg?resize=480%2C309\" alt=\"Panneau lettres peintes - peinture\" width=\"480\" height=\"309\" class=\"aligncenter size-full wp-image-3704\" srcset=\"https:\/\/i0.wp.com\/www.fannywalz.com\/fw\/wp-content\/uploads\/2018\/02\/panneau-DSC09623.jpg?w=700 700w, https:\/\/i0.wp.com\/www.fannywalz.com\/fw\/wp-content\/uploads\/2018\/02\/panneau-DSC09623.jpg?resize=250%2C161 250w, https:\/\/i0.wp.com\/www.fannywalz.com\/fw\/wp-content\/uploads\/2018\/02\/panneau-DSC09623.jpg?resize=500%2C321 500w\" sizes=\"(max-width: 480px) 100vw, 480px\" data-recalc-dims=\"1\" \/><\/p>\n<p>\u2013 et nettoyage<\/p>\n<p><img loading=\"lazy\" decoding=\"async\" data-attachment-id=\"3706\" data-permalink=\"http:\/\/www.fannywalz.com\/fw\/janvier-2018-inspiration-graphique-exploration-typographique-graphisme-peinture-lettre-strasbourg-alsace\/panneau\/\" data-orig-file=\"https:\/\/i0.wp.com\/www.fannywalz.com\/fw\/wp-content\/uploads\/2018\/02\/panneau.jpg?fit=700%2C450\" data-orig-size=\"700,450\" data-comments-opened=\"0\" data-image-meta=\"{&quot;aperture&quot;:&quot;4&quot;,&quot;credit&quot;:&quot;&quot;,&quot;camera&quot;:&quot;NEX-7&quot;,&quot;caption&quot;:&quot;&quot;,&quot;created_timestamp&quot;:&quot;1491472169&quot;,&quot;copyright&quot;:&quot;&quot;,&quot;focal_length&quot;:&quot;24&quot;,&quot;iso&quot;:&quot;1000&quot;,&quot;shutter_speed&quot;:&quot;0.016666666666667&quot;,&quot;title&quot;:&quot;&quot;,&quot;orientation&quot;:&quot;1&quot;}\" data-image-title=\"panneau\" data-image-description=\"\" data-image-caption=\"\" data-medium-file=\"https:\/\/i0.wp.com\/www.fannywalz.com\/fw\/wp-content\/uploads\/2018\/02\/panneau.jpg?fit=500%2C321\" data-large-file=\"https:\/\/i0.wp.com\/www.fannywalz.com\/fw\/wp-content\/uploads\/2018\/02\/panneau.jpg?fit=480%2C309\" src=\"https:\/\/i0.wp.com\/www.fannywalz.com\/fw\/wp-content\/uploads\/2018\/02\/panneau.jpg?resize=480%2C309\" alt=\"Panneau lettres peintes\" width=\"480\" height=\"309\" class=\"aligncenter size-full wp-image-3706\" srcset=\"https:\/\/i0.wp.com\/www.fannywalz.com\/fw\/wp-content\/uploads\/2018\/02\/panneau.jpg?w=700 700w, https:\/\/i0.wp.com\/www.fannywalz.com\/fw\/wp-content\/uploads\/2018\/02\/panneau.jpg?resize=250%2C161 250w, https:\/\/i0.wp.com\/www.fannywalz.com\/fw\/wp-content\/uploads\/2018\/02\/panneau.jpg?resize=500%2C321 500w\" sizes=\"(max-width: 480px) 100vw, 480px\" data-recalc-dims=\"1\" \/><\/p>\n<h2>Souvenir 2<\/h2>\n<p>L&rsquo;\u00e9cole regorge de tr\u00e9sors typographiques, en voici un aper\u00e7u :<\/p>\n<p><img loading=\"lazy\" decoding=\"async\" data-attachment-id=\"3719\" data-permalink=\"http:\/\/www.fannywalz.com\/fw\/janvier-2018-inspiration-graphique-exploration-typographique-graphisme-peinture-lettre-strasbourg-alsace\/ecole-blot-reims-dsc09337-2\/\" data-orig-file=\"https:\/\/i0.wp.com\/www.fannywalz.com\/fw\/wp-content\/uploads\/2018\/02\/ecole-blot-reims-DSC09337-1.jpg?fit=700%2C450\" data-orig-size=\"700,450\" data-comments-opened=\"0\" data-image-meta=\"{&quot;aperture&quot;:&quot;4&quot;,&quot;credit&quot;:&quot;&quot;,&quot;camera&quot;:&quot;NEX-7&quot;,&quot;caption&quot;:&quot;&quot;,&quot;created_timestamp&quot;:&quot;1490017882&quot;,&quot;copyright&quot;:&quot;&quot;,&quot;focal_length&quot;:&quot;22&quot;,&quot;iso&quot;:&quot;400&quot;,&quot;shutter_speed&quot;:&quot;0.016666666666667&quot;,&quot;title&quot;:&quot;&quot;,&quot;orientation&quot;:&quot;1&quot;}\" data-image-title=\"ecole-blot-reims-DSC09337\" data-image-description=\"\" data-image-caption=\"\" data-medium-file=\"https:\/\/i0.wp.com\/www.fannywalz.com\/fw\/wp-content\/uploads\/2018\/02\/ecole-blot-reims-DSC09337-1.jpg?fit=500%2C321\" data-large-file=\"https:\/\/i0.wp.com\/www.fannywalz.com\/fw\/wp-content\/uploads\/2018\/02\/ecole-blot-reims-DSC09337-1.jpg?fit=480%2C309\" src=\"https:\/\/i0.wp.com\/www.fannywalz.com\/fw\/wp-content\/uploads\/2018\/02\/ecole-blot-reims-DSC09337-1.jpg?resize=480%2C309\" alt=\"Tr\u00e9sor typographique de l&#039;\u00e9cole Blot \u00e0 Reims\" width=\"480\" height=\"309\" class=\"aligncenter size-full wp-image-3719\" srcset=\"https:\/\/i0.wp.com\/www.fannywalz.com\/fw\/wp-content\/uploads\/2018\/02\/ecole-blot-reims-DSC09337-1.jpg?w=700 700w, https:\/\/i0.wp.com\/www.fannywalz.com\/fw\/wp-content\/uploads\/2018\/02\/ecole-blot-reims-DSC09337-1.jpg?resize=250%2C161 250w, https:\/\/i0.wp.com\/www.fannywalz.com\/fw\/wp-content\/uploads\/2018\/02\/ecole-blot-reims-DSC09337-1.jpg?resize=500%2C321 500w\" sizes=\"(max-width: 480px) 100vw, 480px\" data-recalc-dims=\"1\" \/><br \/>\n<img loading=\"lazy\" decoding=\"async\" data-attachment-id=\"3720\" data-permalink=\"http:\/\/www.fannywalz.com\/fw\/janvier-2018-inspiration-graphique-exploration-typographique-graphisme-peinture-lettre-strasbourg-alsace\/ecole-blot-reims-dsc09363\/\" data-orig-file=\"https:\/\/i0.wp.com\/www.fannywalz.com\/fw\/wp-content\/uploads\/2018\/02\/ecole-blot-reims-DSC09363.jpg?fit=700%2C450\" data-orig-size=\"700,450\" data-comments-opened=\"0\" data-image-meta=\"{&quot;aperture&quot;:&quot;4.5&quot;,&quot;credit&quot;:&quot;&quot;,&quot;camera&quot;:&quot;NEX-7&quot;,&quot;caption&quot;:&quot;&quot;,&quot;created_timestamp&quot;:&quot;1490029063&quot;,&quot;copyright&quot;:&quot;&quot;,&quot;focal_length&quot;:&quot;33&quot;,&quot;iso&quot;:&quot;320&quot;,&quot;shutter_speed&quot;:&quot;0.016666666666667&quot;,&quot;title&quot;:&quot;&quot;,&quot;orientation&quot;:&quot;1&quot;}\" data-image-title=\"ecole-blot-reims-DSC09363\" data-image-description=\"\" data-image-caption=\"\" data-medium-file=\"https:\/\/i0.wp.com\/www.fannywalz.com\/fw\/wp-content\/uploads\/2018\/02\/ecole-blot-reims-DSC09363.jpg?fit=500%2C321\" data-large-file=\"https:\/\/i0.wp.com\/www.fannywalz.com\/fw\/wp-content\/uploads\/2018\/02\/ecole-blot-reims-DSC09363.jpg?fit=480%2C309\" src=\"https:\/\/i0.wp.com\/www.fannywalz.com\/fw\/wp-content\/uploads\/2018\/02\/ecole-blot-reims-DSC09363.jpg?resize=480%2C309\" alt=\"Tr\u00e9sor typographique de l&#039;\u00e9cole Blot \u00e0 Reims\" width=\"480\" height=\"309\" class=\"aligncenter size-full wp-image-3720\" srcset=\"https:\/\/i0.wp.com\/www.fannywalz.com\/fw\/wp-content\/uploads\/2018\/02\/ecole-blot-reims-DSC09363.jpg?w=700 700w, https:\/\/i0.wp.com\/www.fannywalz.com\/fw\/wp-content\/uploads\/2018\/02\/ecole-blot-reims-DSC09363.jpg?resize=250%2C161 250w, https:\/\/i0.wp.com\/www.fannywalz.com\/fw\/wp-content\/uploads\/2018\/02\/ecole-blot-reims-DSC09363.jpg?resize=500%2C321 500w\" sizes=\"(max-width: 480px) 100vw, 480px\" data-recalc-dims=\"1\" \/><br \/>\n<img loading=\"lazy\" decoding=\"async\" data-attachment-id=\"3721\" data-permalink=\"http:\/\/www.fannywalz.com\/fw\/janvier-2018-inspiration-graphique-exploration-typographique-graphisme-peinture-lettre-strasbourg-alsace\/ecole-blot-reims-dsc09457\/\" data-orig-file=\"https:\/\/i0.wp.com\/www.fannywalz.com\/fw\/wp-content\/uploads\/2018\/02\/ecole-blot-reims-DSC09457.jpg?fit=700%2C450\" data-orig-size=\"700,450\" data-comments-opened=\"0\" data-image-meta=\"{&quot;aperture&quot;:&quot;4&quot;,&quot;credit&quot;:&quot;&quot;,&quot;camera&quot;:&quot;NEX-7&quot;,&quot;caption&quot;:&quot;&quot;,&quot;created_timestamp&quot;:&quot;1490269718&quot;,&quot;copyright&quot;:&quot;&quot;,&quot;focal_length&quot;:&quot;21&quot;,&quot;iso&quot;:&quot;250&quot;,&quot;shutter_speed&quot;:&quot;0.016666666666667&quot;,&quot;title&quot;:&quot;&quot;,&quot;orientation&quot;:&quot;1&quot;}\" data-image-title=\"ecole-blot-reims-DSC09457\" data-image-description=\"\" data-image-caption=\"\" data-medium-file=\"https:\/\/i0.wp.com\/www.fannywalz.com\/fw\/wp-content\/uploads\/2018\/02\/ecole-blot-reims-DSC09457.jpg?fit=500%2C321\" data-large-file=\"https:\/\/i0.wp.com\/www.fannywalz.com\/fw\/wp-content\/uploads\/2018\/02\/ecole-blot-reims-DSC09457.jpg?fit=480%2C309\" src=\"https:\/\/i0.wp.com\/www.fannywalz.com\/fw\/wp-content\/uploads\/2018\/02\/ecole-blot-reims-DSC09457.jpg?resize=480%2C309\" alt=\"Tr\u00e9sor typographique de l&#039;\u00e9cole Blot \u00e0 Reims\" width=\"480\" height=\"309\" class=\"aligncenter size-full wp-image-3721\" srcset=\"https:\/\/i0.wp.com\/www.fannywalz.com\/fw\/wp-content\/uploads\/2018\/02\/ecole-blot-reims-DSC09457.jpg?w=700 700w, https:\/\/i0.wp.com\/www.fannywalz.com\/fw\/wp-content\/uploads\/2018\/02\/ecole-blot-reims-DSC09457.jpg?resize=250%2C161 250w, https:\/\/i0.wp.com\/www.fannywalz.com\/fw\/wp-content\/uploads\/2018\/02\/ecole-blot-reims-DSC09457.jpg?resize=500%2C321 500w\" sizes=\"(max-width: 480px) 100vw, 480px\" data-recalc-dims=\"1\" \/><br \/>\n<img loading=\"lazy\" decoding=\"async\" data-attachment-id=\"3755\" data-permalink=\"http:\/\/www.fannywalz.com\/fw\/janvier-2018-inspiration-graphique-exploration-typographique-graphisme-peinture-lettre-strasbourg-alsace\/ecole-blot-reims\/\" data-orig-file=\"https:\/\/i0.wp.com\/www.fannywalz.com\/fw\/wp-content\/uploads\/2018\/02\/ecole-blot-reims.jpg?fit=700%2C450\" data-orig-size=\"700,450\" data-comments-opened=\"0\" data-image-meta=\"{&quot;aperture&quot;:&quot;5&quot;,&quot;credit&quot;:&quot;&quot;,&quot;camera&quot;:&quot;NEX-7&quot;,&quot;caption&quot;:&quot;&quot;,&quot;created_timestamp&quot;:&quot;1516967813&quot;,&quot;copyright&quot;:&quot;&quot;,&quot;focal_length&quot;:&quot;52&quot;,&quot;iso&quot;:&quot;1600&quot;,&quot;shutter_speed&quot;:&quot;0.025&quot;,&quot;title&quot;:&quot;&quot;,&quot;orientation&quot;:&quot;1&quot;}\" data-image-title=\"ecole-blot-reims\" data-image-description=\"\" data-image-caption=\"\" data-medium-file=\"https:\/\/i0.wp.com\/www.fannywalz.com\/fw\/wp-content\/uploads\/2018\/02\/ecole-blot-reims.jpg?fit=500%2C321\" data-large-file=\"https:\/\/i0.wp.com\/www.fannywalz.com\/fw\/wp-content\/uploads\/2018\/02\/ecole-blot-reims.jpg?fit=480%2C309\" src=\"https:\/\/i0.wp.com\/www.fannywalz.com\/fw\/wp-content\/uploads\/2018\/02\/ecole-blot-reims.jpg?resize=480%2C309\" alt=\"Tr\u00e9sor typographique de l&#039;\u00e9cole Blot \u00e0 Reims\" width=\"480\" height=\"309\" class=\"aligncenter size-full wp-image-3755\" srcset=\"https:\/\/i0.wp.com\/www.fannywalz.com\/fw\/wp-content\/uploads\/2018\/02\/ecole-blot-reims.jpg?w=700 700w, https:\/\/i0.wp.com\/www.fannywalz.com\/fw\/wp-content\/uploads\/2018\/02\/ecole-blot-reims.jpg?resize=250%2C161 250w, https:\/\/i0.wp.com\/www.fannywalz.com\/fw\/wp-content\/uploads\/2018\/02\/ecole-blot-reims.jpg?resize=500%2C321 500w\" sizes=\"(max-width: 480px) 100vw, 480px\" data-recalc-dims=\"1\" \/><br \/>\n<img loading=\"lazy\" decoding=\"async\" data-attachment-id=\"3722\" data-permalink=\"http:\/\/www.fannywalz.com\/fw\/janvier-2018-inspiration-graphique-exploration-typographique-graphisme-peinture-lettre-strasbourg-alsace\/ecole-blot-reims-dsc09637\/\" data-orig-file=\"https:\/\/i0.wp.com\/www.fannywalz.com\/fw\/wp-content\/uploads\/2018\/02\/ecole-blot-reims-DSC09637.jpg?fit=700%2C450\" data-orig-size=\"700,450\" data-comments-opened=\"0\" data-image-meta=\"{&quot;aperture&quot;:&quot;4&quot;,&quot;credit&quot;:&quot;&quot;,&quot;camera&quot;:&quot;NEX-7&quot;,&quot;caption&quot;:&quot;&quot;,&quot;created_timestamp&quot;:&quot;1490374967&quot;,&quot;copyright&quot;:&quot;&quot;,&quot;focal_length&quot;:&quot;18&quot;,&quot;iso&quot;:&quot;500&quot;,&quot;shutter_speed&quot;:&quot;0.016666666666667&quot;,&quot;title&quot;:&quot;&quot;,&quot;orientation&quot;:&quot;1&quot;}\" data-image-title=\"ecole-blot-reims-DSC09637\" data-image-description=\"\" data-image-caption=\"\" data-medium-file=\"https:\/\/i0.wp.com\/www.fannywalz.com\/fw\/wp-content\/uploads\/2018\/02\/ecole-blot-reims-DSC09637.jpg?fit=500%2C321\" data-large-file=\"https:\/\/i0.wp.com\/www.fannywalz.com\/fw\/wp-content\/uploads\/2018\/02\/ecole-blot-reims-DSC09637.jpg?fit=480%2C309\" src=\"https:\/\/i0.wp.com\/www.fannywalz.com\/fw\/wp-content\/uploads\/2018\/02\/ecole-blot-reims-DSC09637.jpg?resize=480%2C309\" alt=\"Tr\u00e9sor typographique de l&#039;\u00e9cole Blot \u00e0 Reims\" width=\"480\" height=\"309\" class=\"aligncenter size-full wp-image-3722\" srcset=\"https:\/\/i0.wp.com\/www.fannywalz.com\/fw\/wp-content\/uploads\/2018\/02\/ecole-blot-reims-DSC09637.jpg?w=700 700w, https:\/\/i0.wp.com\/www.fannywalz.com\/fw\/wp-content\/uploads\/2018\/02\/ecole-blot-reims-DSC09637.jpg?resize=250%2C161 250w, https:\/\/i0.wp.com\/www.fannywalz.com\/fw\/wp-content\/uploads\/2018\/02\/ecole-blot-reims-DSC09637.jpg?resize=500%2C321 500w\" sizes=\"(max-width: 480px) 100vw, 480px\" data-recalc-dims=\"1\" \/><\/p>\n<h2>Souvenir 3<\/h2>\n<p>Quelques photos de Reims. <\/p>\n<p><img loading=\"lazy\" decoding=\"async\" data-attachment-id=\"3724\" data-permalink=\"http:\/\/www.fannywalz.com\/fw\/janvier-2018-inspiration-graphique-exploration-typographique-graphisme-peinture-lettre-strasbourg-alsace\/reims-dsc09316\/\" data-orig-file=\"https:\/\/i0.wp.com\/www.fannywalz.com\/fw\/wp-content\/uploads\/2018\/02\/reims-DSC09316.jpg?fit=700%2C450\" data-orig-size=\"700,450\" data-comments-opened=\"0\" data-image-meta=\"{&quot;aperture&quot;:&quot;4.5&quot;,&quot;credit&quot;:&quot;&quot;,&quot;camera&quot;:&quot;NEX-7&quot;,&quot;caption&quot;:&quot;&quot;,&quot;created_timestamp&quot;:&quot;1490001635&quot;,&quot;copyright&quot;:&quot;&quot;,&quot;focal_length&quot;:&quot;42&quot;,&quot;iso&quot;:&quot;125&quot;,&quot;shutter_speed&quot;:&quot;0.0125&quot;,&quot;title&quot;:&quot;&quot;,&quot;orientation&quot;:&quot;1&quot;}\" data-image-title=\"reims-DSC09316\" data-image-description=\"\" data-image-caption=\"\" data-medium-file=\"https:\/\/i0.wp.com\/www.fannywalz.com\/fw\/wp-content\/uploads\/2018\/02\/reims-DSC09316.jpg?fit=500%2C321\" data-large-file=\"https:\/\/i0.wp.com\/www.fannywalz.com\/fw\/wp-content\/uploads\/2018\/02\/reims-DSC09316.jpg?fit=480%2C309\" src=\"https:\/\/i0.wp.com\/www.fannywalz.com\/fw\/wp-content\/uploads\/2018\/02\/reims-DSC09316.jpg?resize=480%2C309\" alt=\"Lettres peintes \u00e0 Reims\" width=\"480\" height=\"309\" class=\"aligncenter size-full wp-image-3724\" srcset=\"https:\/\/i0.wp.com\/www.fannywalz.com\/fw\/wp-content\/uploads\/2018\/02\/reims-DSC09316.jpg?w=700 700w, https:\/\/i0.wp.com\/www.fannywalz.com\/fw\/wp-content\/uploads\/2018\/02\/reims-DSC09316.jpg?resize=250%2C161 250w, https:\/\/i0.wp.com\/www.fannywalz.com\/fw\/wp-content\/uploads\/2018\/02\/reims-DSC09316.jpg?resize=500%2C321 500w\" sizes=\"(max-width: 480px) 100vw, 480px\" data-recalc-dims=\"1\" \/><br \/>\n<img loading=\"lazy\" decoding=\"async\" data-attachment-id=\"3725\" data-permalink=\"http:\/\/www.fannywalz.com\/fw\/janvier-2018-inspiration-graphique-exploration-typographique-graphisme-peinture-lettre-strasbourg-alsace\/reims-dsc09318z\/\" data-orig-file=\"https:\/\/i0.wp.com\/www.fannywalz.com\/fw\/wp-content\/uploads\/2018\/02\/reims-DSC09318z.jpg?fit=700%2C450\" data-orig-size=\"700,450\" data-comments-opened=\"0\" data-image-meta=\"{&quot;aperture&quot;:&quot;4.5&quot;,&quot;credit&quot;:&quot;&quot;,&quot;camera&quot;:&quot;NEX-7&quot;,&quot;caption&quot;:&quot;&quot;,&quot;created_timestamp&quot;:&quot;1490001693&quot;,&quot;copyright&quot;:&quot;&quot;,&quot;focal_length&quot;:&quot;43&quot;,&quot;iso&quot;:&quot;800&quot;,&quot;shutter_speed&quot;:&quot;0.0125&quot;,&quot;title&quot;:&quot;&quot;,&quot;orientation&quot;:&quot;1&quot;}\" data-image-title=\"reims-DSC09318z\" data-image-description=\"\" data-image-caption=\"\" data-medium-file=\"https:\/\/i0.wp.com\/www.fannywalz.com\/fw\/wp-content\/uploads\/2018\/02\/reims-DSC09318z.jpg?fit=500%2C321\" data-large-file=\"https:\/\/i0.wp.com\/www.fannywalz.com\/fw\/wp-content\/uploads\/2018\/02\/reims-DSC09318z.jpg?fit=480%2C309\" src=\"https:\/\/i0.wp.com\/www.fannywalz.com\/fw\/wp-content\/uploads\/2018\/02\/reims-DSC09318z.jpg?resize=480%2C309\" alt=\"Enseigne \u00e0 Reims\" width=\"480\" height=\"309\" class=\"aligncenter size-full wp-image-3725\" srcset=\"https:\/\/i0.wp.com\/www.fannywalz.com\/fw\/wp-content\/uploads\/2018\/02\/reims-DSC09318z.jpg?w=700 700w, https:\/\/i0.wp.com\/www.fannywalz.com\/fw\/wp-content\/uploads\/2018\/02\/reims-DSC09318z.jpg?resize=250%2C161 250w, https:\/\/i0.wp.com\/www.fannywalz.com\/fw\/wp-content\/uploads\/2018\/02\/reims-DSC09318z.jpg?resize=500%2C321 500w\" sizes=\"(max-width: 480px) 100vw, 480px\" data-recalc-dims=\"1\" \/><br \/>\n<img loading=\"lazy\" decoding=\"async\" data-attachment-id=\"3726\" data-permalink=\"http:\/\/www.fannywalz.com\/fw\/janvier-2018-inspiration-graphique-exploration-typographique-graphisme-peinture-lettre-strasbourg-alsace\/reims-dsc09319\/\" data-orig-file=\"https:\/\/i0.wp.com\/www.fannywalz.com\/fw\/wp-content\/uploads\/2018\/02\/reims-DSC09319.jpg?fit=700%2C450\" data-orig-size=\"700,450\" data-comments-opened=\"0\" data-image-meta=\"{&quot;aperture&quot;:&quot;4.5&quot;,&quot;credit&quot;:&quot;&quot;,&quot;camera&quot;:&quot;NEX-7&quot;,&quot;caption&quot;:&quot;&quot;,&quot;created_timestamp&quot;:&quot;1490001746&quot;,&quot;copyright&quot;:&quot;&quot;,&quot;focal_length&quot;:&quot;43&quot;,&quot;iso&quot;:&quot;400&quot;,&quot;shutter_speed&quot;:&quot;0.0125&quot;,&quot;title&quot;:&quot;&quot;,&quot;orientation&quot;:&quot;1&quot;}\" data-image-title=\"reims-DSC09319\" data-image-description=\"\" data-image-caption=\"\" data-medium-file=\"https:\/\/i0.wp.com\/www.fannywalz.com\/fw\/wp-content\/uploads\/2018\/02\/reims-DSC09319.jpg?fit=500%2C321\" data-large-file=\"https:\/\/i0.wp.com\/www.fannywalz.com\/fw\/wp-content\/uploads\/2018\/02\/reims-DSC09319.jpg?fit=480%2C309\" src=\"https:\/\/i0.wp.com\/www.fannywalz.com\/fw\/wp-content\/uploads\/2018\/02\/reims-DSC09319.jpg?resize=480%2C309\" alt=\"Enseigne \u00e0 Reims\" width=\"480\" height=\"309\" class=\"aligncenter size-full wp-image-3726\" srcset=\"https:\/\/i0.wp.com\/www.fannywalz.com\/fw\/wp-content\/uploads\/2018\/02\/reims-DSC09319.jpg?w=700 700w, https:\/\/i0.wp.com\/www.fannywalz.com\/fw\/wp-content\/uploads\/2018\/02\/reims-DSC09319.jpg?resize=250%2C161 250w, https:\/\/i0.wp.com\/www.fannywalz.com\/fw\/wp-content\/uploads\/2018\/02\/reims-DSC09319.jpg?resize=500%2C321 500w\" sizes=\"(max-width: 480px) 100vw, 480px\" data-recalc-dims=\"1\" \/><br \/>\n<img loading=\"lazy\" decoding=\"async\" data-attachment-id=\"3727\" data-permalink=\"http:\/\/www.fannywalz.com\/fw\/janvier-2018-inspiration-graphique-exploration-typographique-graphisme-peinture-lettre-strasbourg-alsace\/reims-dsc09485\/\" data-orig-file=\"https:\/\/i0.wp.com\/www.fannywalz.com\/fw\/wp-content\/uploads\/2018\/02\/reims-DSC09485.jpg?fit=700%2C450\" data-orig-size=\"700,450\" data-comments-opened=\"0\" data-image-meta=\"{&quot;aperture&quot;:&quot;6.3&quot;,&quot;credit&quot;:&quot;&quot;,&quot;camera&quot;:&quot;NEX-7&quot;,&quot;caption&quot;:&quot;&quot;,&quot;created_timestamp&quot;:&quot;1490294505&quot;,&quot;copyright&quot;:&quot;&quot;,&quot;focal_length&quot;:&quot;39&quot;,&quot;iso&quot;:&quot;100&quot;,&quot;shutter_speed&quot;:&quot;0.01&quot;,&quot;title&quot;:&quot;&quot;,&quot;orientation&quot;:&quot;1&quot;}\" data-image-title=\"reims-DSC09485\" data-image-description=\"\" data-image-caption=\"\" data-medium-file=\"https:\/\/i0.wp.com\/www.fannywalz.com\/fw\/wp-content\/uploads\/2018\/02\/reims-DSC09485.jpg?fit=500%2C321\" data-large-file=\"https:\/\/i0.wp.com\/www.fannywalz.com\/fw\/wp-content\/uploads\/2018\/02\/reims-DSC09485.jpg?fit=480%2C309\" src=\"https:\/\/i0.wp.com\/www.fannywalz.com\/fw\/wp-content\/uploads\/2018\/02\/reims-DSC09485.jpg?resize=480%2C309\" alt=\"Enseigne \u00e0 Reims\" width=\"480\" height=\"309\" class=\"aligncenter size-full wp-image-3727\" srcset=\"https:\/\/i0.wp.com\/www.fannywalz.com\/fw\/wp-content\/uploads\/2018\/02\/reims-DSC09485.jpg?w=700 700w, https:\/\/i0.wp.com\/www.fannywalz.com\/fw\/wp-content\/uploads\/2018\/02\/reims-DSC09485.jpg?resize=250%2C161 250w, https:\/\/i0.wp.com\/www.fannywalz.com\/fw\/wp-content\/uploads\/2018\/02\/reims-DSC09485.jpg?resize=500%2C321 500w\" sizes=\"(max-width: 480px) 100vw, 480px\" data-recalc-dims=\"1\" \/><br \/>\n<img loading=\"lazy\" decoding=\"async\" data-attachment-id=\"3730\" data-permalink=\"http:\/\/www.fannywalz.com\/fw\/janvier-2018-inspiration-graphique-exploration-typographique-graphisme-peinture-lettre-strasbourg-alsace\/reims-dsc09509\/\" data-orig-file=\"https:\/\/i0.wp.com\/www.fannywalz.com\/fw\/wp-content\/uploads\/2018\/02\/reims-DSC09509.jpg?fit=700%2C450\" data-orig-size=\"700,450\" data-comments-opened=\"0\" data-image-meta=\"{&quot;aperture&quot;:&quot;4&quot;,&quot;credit&quot;:&quot;&quot;,&quot;camera&quot;:&quot;NEX-7&quot;,&quot;caption&quot;:&quot;&quot;,&quot;created_timestamp&quot;:&quot;1490296605&quot;,&quot;copyright&quot;:&quot;&quot;,&quot;focal_length&quot;:&quot;31&quot;,&quot;iso&quot;:&quot;100&quot;,&quot;shutter_speed&quot;:&quot;0.04&quot;,&quot;title&quot;:&quot;&quot;,&quot;orientation&quot;:&quot;1&quot;}\" data-image-title=\"reims-DSC09509\" data-image-description=\"\" data-image-caption=\"\" data-medium-file=\"https:\/\/i0.wp.com\/www.fannywalz.com\/fw\/wp-content\/uploads\/2018\/02\/reims-DSC09509.jpg?fit=500%2C321\" data-large-file=\"https:\/\/i0.wp.com\/www.fannywalz.com\/fw\/wp-content\/uploads\/2018\/02\/reims-DSC09509.jpg?fit=480%2C309\" src=\"https:\/\/i0.wp.com\/www.fannywalz.com\/fw\/wp-content\/uploads\/2018\/02\/reims-DSC09509.jpg?resize=480%2C309\" alt=\"Reims\" width=\"480\" height=\"309\" class=\"aligncenter size-full wp-image-3730\" srcset=\"https:\/\/i0.wp.com\/www.fannywalz.com\/fw\/wp-content\/uploads\/2018\/02\/reims-DSC09509.jpg?w=700 700w, https:\/\/i0.wp.com\/www.fannywalz.com\/fw\/wp-content\/uploads\/2018\/02\/reims-DSC09509.jpg?resize=250%2C161 250w, https:\/\/i0.wp.com\/www.fannywalz.com\/fw\/wp-content\/uploads\/2018\/02\/reims-DSC09509.jpg?resize=500%2C321 500w\" sizes=\"(max-width: 480px) 100vw, 480px\" data-recalc-dims=\"1\" \/><br \/>\n<img loading=\"lazy\" decoding=\"async\" data-attachment-id=\"3731\" data-permalink=\"http:\/\/www.fannywalz.com\/fw\/janvier-2018-inspiration-graphique-exploration-typographique-graphisme-peinture-lettre-strasbourg-alsace\/reims-dsc09519\/\" data-orig-file=\"https:\/\/i0.wp.com\/www.fannywalz.com\/fw\/wp-content\/uploads\/2018\/02\/reims-DSC09519.jpg?fit=700%2C450\" data-orig-size=\"700,450\" data-comments-opened=\"0\" data-image-meta=\"{&quot;aperture&quot;:&quot;5.6&quot;,&quot;credit&quot;:&quot;&quot;,&quot;camera&quot;:&quot;NEX-7&quot;,&quot;caption&quot;:&quot;&quot;,&quot;created_timestamp&quot;:&quot;1490296798&quot;,&quot;copyright&quot;:&quot;&quot;,&quot;focal_length&quot;:&quot;55&quot;,&quot;iso&quot;:&quot;100&quot;,&quot;shutter_speed&quot;:&quot;0.02&quot;,&quot;title&quot;:&quot;&quot;,&quot;orientation&quot;:&quot;1&quot;}\" data-image-title=\"reims-DSC09519\" data-image-description=\"\" data-image-caption=\"\" data-medium-file=\"https:\/\/i0.wp.com\/www.fannywalz.com\/fw\/wp-content\/uploads\/2018\/02\/reims-DSC09519.jpg?fit=500%2C321\" data-large-file=\"https:\/\/i0.wp.com\/www.fannywalz.com\/fw\/wp-content\/uploads\/2018\/02\/reims-DSC09519.jpg?fit=480%2C309\" src=\"https:\/\/i0.wp.com\/www.fannywalz.com\/fw\/wp-content\/uploads\/2018\/02\/reims-DSC09519.jpg?resize=480%2C309\" alt=\"Lettres peintes \u00e0 Reims\" width=\"480\" height=\"309\" class=\"aligncenter size-full wp-image-3731\" srcset=\"https:\/\/i0.wp.com\/www.fannywalz.com\/fw\/wp-content\/uploads\/2018\/02\/reims-DSC09519.jpg?w=700 700w, https:\/\/i0.wp.com\/www.fannywalz.com\/fw\/wp-content\/uploads\/2018\/02\/reims-DSC09519.jpg?resize=250%2C161 250w, https:\/\/i0.wp.com\/www.fannywalz.com\/fw\/wp-content\/uploads\/2018\/02\/reims-DSC09519.jpg?resize=500%2C321 500w\" sizes=\"(max-width: 480px) 100vw, 480px\" data-recalc-dims=\"1\" \/><br \/>\n<img loading=\"lazy\" decoding=\"async\" data-attachment-id=\"3732\" data-permalink=\"http:\/\/www.fannywalz.com\/fw\/janvier-2018-inspiration-graphique-exploration-typographique-graphisme-peinture-lettre-strasbourg-alsace\/reims-dsc09529\/\" data-orig-file=\"https:\/\/i0.wp.com\/www.fannywalz.com\/fw\/wp-content\/uploads\/2018\/02\/reims-DSC09529.jpg?fit=700%2C450\" data-orig-size=\"700,450\" data-comments-opened=\"0\" data-image-meta=\"{&quot;aperture&quot;:&quot;5&quot;,&quot;credit&quot;:&quot;&quot;,&quot;camera&quot;:&quot;NEX-7&quot;,&quot;caption&quot;:&quot;&quot;,&quot;created_timestamp&quot;:&quot;1490297128&quot;,&quot;copyright&quot;:&quot;&quot;,&quot;focal_length&quot;:&quot;30&quot;,&quot;iso&quot;:&quot;100&quot;,&quot;shutter_speed&quot;:&quot;0.01&quot;,&quot;title&quot;:&quot;&quot;,&quot;orientation&quot;:&quot;1&quot;}\" data-image-title=\"reims-DSC09529\" data-image-description=\"\" data-image-caption=\"\" data-medium-file=\"https:\/\/i0.wp.com\/www.fannywalz.com\/fw\/wp-content\/uploads\/2018\/02\/reims-DSC09529.jpg?fit=500%2C321\" data-large-file=\"https:\/\/i0.wp.com\/www.fannywalz.com\/fw\/wp-content\/uploads\/2018\/02\/reims-DSC09529.jpg?fit=480%2C309\" src=\"https:\/\/i0.wp.com\/www.fannywalz.com\/fw\/wp-content\/uploads\/2018\/02\/reims-DSC09529.jpg?resize=480%2C309\" alt=\"Enseigne \u00e0 Reims\" width=\"480\" height=\"309\" class=\"aligncenter size-full wp-image-3732\" srcset=\"https:\/\/i0.wp.com\/www.fannywalz.com\/fw\/wp-content\/uploads\/2018\/02\/reims-DSC09529.jpg?w=700 700w, https:\/\/i0.wp.com\/www.fannywalz.com\/fw\/wp-content\/uploads\/2018\/02\/reims-DSC09529.jpg?resize=250%2C161 250w, https:\/\/i0.wp.com\/www.fannywalz.com\/fw\/wp-content\/uploads\/2018\/02\/reims-DSC09529.jpg?resize=500%2C321 500w\" sizes=\"(max-width: 480px) 100vw, 480px\" data-recalc-dims=\"1\" \/><br \/>\n<img loading=\"lazy\" decoding=\"async\" data-attachment-id=\"3733\" data-permalink=\"http:\/\/www.fannywalz.com\/fw\/janvier-2018-inspiration-graphique-exploration-typographique-graphisme-peinture-lettre-strasbourg-alsace\/reims-dsc09535\/\" data-orig-file=\"https:\/\/i0.wp.com\/www.fannywalz.com\/fw\/wp-content\/uploads\/2018\/02\/reims-DSC09535.jpg?fit=700%2C450\" data-orig-size=\"700,450\" data-comments-opened=\"0\" data-image-meta=\"{&quot;aperture&quot;:&quot;4.5&quot;,&quot;credit&quot;:&quot;&quot;,&quot;camera&quot;:&quot;NEX-7&quot;,&quot;caption&quot;:&quot;&quot;,&quot;created_timestamp&quot;:&quot;1490297227&quot;,&quot;copyright&quot;:&quot;&quot;,&quot;focal_length&quot;:&quot;42&quot;,&quot;iso&quot;:&quot;100&quot;,&quot;shutter_speed&quot;:&quot;0.033333333333333&quot;,&quot;title&quot;:&quot;&quot;,&quot;orientation&quot;:&quot;1&quot;}\" data-image-title=\"reims-DSC09535\" data-image-description=\"\" data-image-caption=\"\" data-medium-file=\"https:\/\/i0.wp.com\/www.fannywalz.com\/fw\/wp-content\/uploads\/2018\/02\/reims-DSC09535.jpg?fit=500%2C321\" data-large-file=\"https:\/\/i0.wp.com\/www.fannywalz.com\/fw\/wp-content\/uploads\/2018\/02\/reims-DSC09535.jpg?fit=480%2C309\" src=\"https:\/\/i0.wp.com\/www.fannywalz.com\/fw\/wp-content\/uploads\/2018\/02\/reims-DSC09535.jpg?resize=480%2C309\" alt=\"Enseigne \u00e0 Reims\" width=\"480\" height=\"309\" class=\"aligncenter size-full wp-image-3733\" srcset=\"https:\/\/i0.wp.com\/www.fannywalz.com\/fw\/wp-content\/uploads\/2018\/02\/reims-DSC09535.jpg?w=700 700w, https:\/\/i0.wp.com\/www.fannywalz.com\/fw\/wp-content\/uploads\/2018\/02\/reims-DSC09535.jpg?resize=250%2C161 250w, https:\/\/i0.wp.com\/www.fannywalz.com\/fw\/wp-content\/uploads\/2018\/02\/reims-DSC09535.jpg?resize=500%2C321 500w\" sizes=\"(max-width: 480px) 100vw, 480px\" data-recalc-dims=\"1\" \/><br \/>\n<img loading=\"lazy\" decoding=\"async\" data-attachment-id=\"3734\" data-permalink=\"http:\/\/www.fannywalz.com\/fw\/janvier-2018-inspiration-graphique-exploration-typographique-graphisme-peinture-lettre-strasbourg-alsace\/reims-dsc09553\/\" data-orig-file=\"https:\/\/i0.wp.com\/www.fannywalz.com\/fw\/wp-content\/uploads\/2018\/02\/reims-DSC09553.jpg?fit=700%2C450\" data-orig-size=\"700,450\" data-comments-opened=\"0\" data-image-meta=\"{&quot;aperture&quot;:&quot;4&quot;,&quot;credit&quot;:&quot;&quot;,&quot;camera&quot;:&quot;NEX-7&quot;,&quot;caption&quot;:&quot;&quot;,&quot;created_timestamp&quot;:&quot;1490349135&quot;,&quot;copyright&quot;:&quot;&quot;,&quot;focal_length&quot;:&quot;28&quot;,&quot;iso&quot;:&quot;100&quot;,&quot;shutter_speed&quot;:&quot;0.025&quot;,&quot;title&quot;:&quot;&quot;,&quot;orientation&quot;:&quot;1&quot;}\" data-image-title=\"reims-DSC09553\" data-image-description=\"\" data-image-caption=\"\" data-medium-file=\"https:\/\/i0.wp.com\/www.fannywalz.com\/fw\/wp-content\/uploads\/2018\/02\/reims-DSC09553.jpg?fit=500%2C321\" data-large-file=\"https:\/\/i0.wp.com\/www.fannywalz.com\/fw\/wp-content\/uploads\/2018\/02\/reims-DSC09553.jpg?fit=480%2C309\" src=\"https:\/\/i0.wp.com\/www.fannywalz.com\/fw\/wp-content\/uploads\/2018\/02\/reims-DSC09553.jpg?resize=480%2C309\" alt=\"Fer forg\u00e9 \u00e0 Reims\" width=\"480\" height=\"309\" class=\"aligncenter size-full wp-image-3734\" srcset=\"https:\/\/i0.wp.com\/www.fannywalz.com\/fw\/wp-content\/uploads\/2018\/02\/reims-DSC09553.jpg?w=700 700w, https:\/\/i0.wp.com\/www.fannywalz.com\/fw\/wp-content\/uploads\/2018\/02\/reims-DSC09553.jpg?resize=250%2C161 250w, https:\/\/i0.wp.com\/www.fannywalz.com\/fw\/wp-content\/uploads\/2018\/02\/reims-DSC09553.jpg?resize=500%2C321 500w\" sizes=\"(max-width: 480px) 100vw, 480px\" data-recalc-dims=\"1\" \/><br \/>\n<img loading=\"lazy\" decoding=\"async\" data-attachment-id=\"3757\" data-permalink=\"http:\/\/www.fannywalz.com\/fw\/janvier-2018-inspiration-graphique-exploration-typographique-graphisme-peinture-lettre-strasbourg-alsace\/reims-dsc09654\/\" data-orig-file=\"https:\/\/i0.wp.com\/www.fannywalz.com\/fw\/wp-content\/uploads\/2018\/02\/reims-DSC09654.jpg?fit=700%2C450\" data-orig-size=\"700,450\" data-comments-opened=\"0\" data-image-meta=\"{&quot;aperture&quot;:&quot;4&quot;,&quot;credit&quot;:&quot;&quot;,&quot;camera&quot;:&quot;NEX-7&quot;,&quot;caption&quot;:&quot;&quot;,&quot;created_timestamp&quot;:&quot;1490384331&quot;,&quot;copyright&quot;:&quot;&quot;,&quot;focal_length&quot;:&quot;18&quot;,&quot;iso&quot;:&quot;320&quot;,&quot;shutter_speed&quot;:&quot;0.016666666666667&quot;,&quot;title&quot;:&quot;&quot;,&quot;orientation&quot;:&quot;1&quot;}\" data-image-title=\"reims-DSC09654\" data-image-description=\"\" data-image-caption=\"\" data-medium-file=\"https:\/\/i0.wp.com\/www.fannywalz.com\/fw\/wp-content\/uploads\/2018\/02\/reims-DSC09654.jpg?fit=500%2C321\" data-large-file=\"https:\/\/i0.wp.com\/www.fannywalz.com\/fw\/wp-content\/uploads\/2018\/02\/reims-DSC09654.jpg?fit=480%2C309\" src=\"https:\/\/i0.wp.com\/www.fannywalz.com\/fw\/wp-content\/uploads\/2018\/02\/reims-DSC09654.jpg?resize=480%2C309\" alt=\"Vitraux \u00e0 Reims\" width=\"480\" height=\"309\" class=\"aligncenter size-full wp-image-3757\" srcset=\"https:\/\/i0.wp.com\/www.fannywalz.com\/fw\/wp-content\/uploads\/2018\/02\/reims-DSC09654.jpg?w=700 700w, https:\/\/i0.wp.com\/www.fannywalz.com\/fw\/wp-content\/uploads\/2018\/02\/reims-DSC09654.jpg?resize=250%2C161 250w, https:\/\/i0.wp.com\/www.fannywalz.com\/fw\/wp-content\/uploads\/2018\/02\/reims-DSC09654.jpg?resize=500%2C321 500w\" sizes=\"(max-width: 480px) 100vw, 480px\" data-recalc-dims=\"1\" \/><br \/>\n<img loading=\"lazy\" decoding=\"async\" data-attachment-id=\"3758\" data-permalink=\"http:\/\/www.fannywalz.com\/fw\/janvier-2018-inspiration-graphique-exploration-typographique-graphisme-peinture-lettre-strasbourg-alsace\/reims-dsc09660\/\" data-orig-file=\"https:\/\/i0.wp.com\/www.fannywalz.com\/fw\/wp-content\/uploads\/2018\/02\/reims-DSC09660.jpg?fit=700%2C450\" data-orig-size=\"700,450\" data-comments-opened=\"0\" data-image-meta=\"{&quot;aperture&quot;:&quot;4&quot;,&quot;credit&quot;:&quot;&quot;,&quot;camera&quot;:&quot;NEX-7&quot;,&quot;caption&quot;:&quot;&quot;,&quot;created_timestamp&quot;:&quot;1490384485&quot;,&quot;copyright&quot;:&quot;&quot;,&quot;focal_length&quot;:&quot;24&quot;,&quot;iso&quot;:&quot;200&quot;,&quot;shutter_speed&quot;:&quot;0.016666666666667&quot;,&quot;title&quot;:&quot;&quot;,&quot;orientation&quot;:&quot;1&quot;}\" data-image-title=\"reims-DSC09660\" data-image-description=\"\" data-image-caption=\"\" data-medium-file=\"https:\/\/i0.wp.com\/www.fannywalz.com\/fw\/wp-content\/uploads\/2018\/02\/reims-DSC09660.jpg?fit=500%2C321\" data-large-file=\"https:\/\/i0.wp.com\/www.fannywalz.com\/fw\/wp-content\/uploads\/2018\/02\/reims-DSC09660.jpg?fit=480%2C309\" src=\"https:\/\/i0.wp.com\/www.fannywalz.com\/fw\/wp-content\/uploads\/2018\/02\/reims-DSC09660.jpg?resize=480%2C309\" alt=\"Vitraux \u00e0 Reims\" width=\"480\" height=\"309\" class=\"aligncenter size-full wp-image-3758\" srcset=\"https:\/\/i0.wp.com\/www.fannywalz.com\/fw\/wp-content\/uploads\/2018\/02\/reims-DSC09660.jpg?w=700 700w, https:\/\/i0.wp.com\/www.fannywalz.com\/fw\/wp-content\/uploads\/2018\/02\/reims-DSC09660.jpg?resize=250%2C161 250w, https:\/\/i0.wp.com\/www.fannywalz.com\/fw\/wp-content\/uploads\/2018\/02\/reims-DSC09660.jpg?resize=500%2C321 500w\" sizes=\"(max-width: 480px) 100vw, 480px\" data-recalc-dims=\"1\" \/><\/p>\n<h2>Souvenirs du mois de janvier<\/h2>\n<p>Promenade hivernale, <\/p>\n<p><img loading=\"lazy\" decoding=\"async\" data-attachment-id=\"3760\" data-permalink=\"http:\/\/www.fannywalz.com\/fw\/janvier-2018-inspiration-graphique-exploration-typographique-graphisme-peinture-lettre-strasbourg-alsace\/m33-05293\/\" data-orig-file=\"https:\/\/i0.wp.com\/www.fannywalz.com\/fw\/wp-content\/uploads\/2018\/02\/M33-05293.jpg?fit=700%2C450\" data-orig-size=\"700,450\" data-comments-opened=\"0\" data-image-meta=\"{&quot;aperture&quot;:&quot;10&quot;,&quot;credit&quot;:&quot;&quot;,&quot;camera&quot;:&quot;NEX-7&quot;,&quot;caption&quot;:&quot;&quot;,&quot;created_timestamp&quot;:&quot;1516540869&quot;,&quot;copyright&quot;:&quot;&quot;,&quot;focal_length&quot;:&quot;18&quot;,&quot;iso&quot;:&quot;100&quot;,&quot;shutter_speed&quot;:&quot;0.01&quot;,&quot;title&quot;:&quot;&quot;,&quot;orientation&quot;:&quot;1&quot;}\" data-image-title=\"M33-05293\" data-image-description=\"\" data-image-caption=\"\" data-medium-file=\"https:\/\/i0.wp.com\/www.fannywalz.com\/fw\/wp-content\/uploads\/2018\/02\/M33-05293.jpg?fit=500%2C321\" data-large-file=\"https:\/\/i0.wp.com\/www.fannywalz.com\/fw\/wp-content\/uploads\/2018\/02\/M33-05293.jpg?fit=480%2C309\" src=\"https:\/\/i0.wp.com\/www.fannywalz.com\/fw\/wp-content\/uploads\/2018\/02\/M33-05293.jpg?resize=480%2C309\" alt=\"promenade hivernale\" width=\"480\" height=\"309\" class=\"aligncenter size-full wp-image-3760\" srcset=\"https:\/\/i0.wp.com\/www.fannywalz.com\/fw\/wp-content\/uploads\/2018\/02\/M33-05293.jpg?w=700 700w, https:\/\/i0.wp.com\/www.fannywalz.com\/fw\/wp-content\/uploads\/2018\/02\/M33-05293.jpg?resize=250%2C161 250w, https:\/\/i0.wp.com\/www.fannywalz.com\/fw\/wp-content\/uploads\/2018\/02\/M33-05293.jpg?resize=500%2C321 500w\" sizes=\"(max-width: 480px) 100vw, 480px\" data-recalc-dims=\"1\" \/><\/p>\n<p>et visite de l&rsquo;exposition <em>Laboratoire d&rsquo;Europe<\/em> au <a href=\"https:\/\/www.musees.strasbourg.eu\/evenement-mamcs\/-\/entity\/id\/1266872?_eu_strasbourg_portlet_entity_detail_EntityDetailPortlet_returnURL=https%3A%2F%2Fwww.musees.strasbourg.eu%2Fagenda-mamcs%3Fp_p_id%3Deu_strasbourg_portlet_search_asset_SearchAssetPortlet%26p_p_lifecycle%3D0%26p_p_state%3Dnormal%26p_p_mode%3Dview%26p_p_col_id%3Dcolumn-1%26p_p_col_count%3D1\" rel=\"noopener\" target=\"_blank\">Mus\u00e9e d&rsquo;Art Moderne et Contemporain de Strasbourg<\/a>.<\/p>\n<p><img loading=\"lazy\" decoding=\"async\" data-attachment-id=\"3746\" data-permalink=\"http:\/\/www.fannywalz.com\/fw\/janvier-2018-inspiration-graphique-exploration-typographique-graphisme-peinture-lettre-strasbourg-alsace\/m33-05330\/\" data-orig-file=\"https:\/\/i0.wp.com\/www.fannywalz.com\/fw\/wp-content\/uploads\/2018\/02\/M33-05330.jpg?fit=700%2C450\" data-orig-size=\"700,450\" data-comments-opened=\"0\" data-image-meta=\"{&quot;aperture&quot;:&quot;4.5&quot;,&quot;credit&quot;:&quot;&quot;,&quot;camera&quot;:&quot;NEX-7&quot;,&quot;caption&quot;:&quot;&quot;,&quot;created_timestamp&quot;:&quot;1516967691&quot;,&quot;copyright&quot;:&quot;&quot;,&quot;focal_length&quot;:&quot;37&quot;,&quot;iso&quot;:&quot;1600&quot;,&quot;shutter_speed&quot;:&quot;0.02&quot;,&quot;title&quot;:&quot;&quot;,&quot;orientation&quot;:&quot;1&quot;}\" data-image-title=\"M33-05330\" data-image-description=\"\" data-image-caption=\"\" data-medium-file=\"https:\/\/i0.wp.com\/www.fannywalz.com\/fw\/wp-content\/uploads\/2018\/02\/M33-05330.jpg?fit=500%2C321\" data-large-file=\"https:\/\/i0.wp.com\/www.fannywalz.com\/fw\/wp-content\/uploads\/2018\/02\/M33-05330.jpg?fit=480%2C309\" src=\"https:\/\/i0.wp.com\/www.fannywalz.com\/fw\/wp-content\/uploads\/2018\/02\/M33-05330.jpg?resize=480%2C309\" alt=\"MAMCS Strasbourg 1\" width=\"480\" height=\"309\" class=\"aligncenter size-full wp-image-3746\" srcset=\"https:\/\/i0.wp.com\/www.fannywalz.com\/fw\/wp-content\/uploads\/2018\/02\/M33-05330.jpg?w=700 700w, https:\/\/i0.wp.com\/www.fannywalz.com\/fw\/wp-content\/uploads\/2018\/02\/M33-05330.jpg?resize=250%2C161 250w, https:\/\/i0.wp.com\/www.fannywalz.com\/fw\/wp-content\/uploads\/2018\/02\/M33-05330.jpg?resize=500%2C321 500w\" sizes=\"(max-width: 480px) 100vw, 480px\" data-recalc-dims=\"1\" \/><br \/>\n<img loading=\"lazy\" decoding=\"async\" data-attachment-id=\"3747\" data-permalink=\"http:\/\/www.fannywalz.com\/fw\/janvier-2018-inspiration-graphique-exploration-typographique-graphisme-peinture-lettre-strasbourg-alsace\/m33-05331\/\" data-orig-file=\"https:\/\/i0.wp.com\/www.fannywalz.com\/fw\/wp-content\/uploads\/2018\/02\/M33-05331.jpg?fit=700%2C450\" data-orig-size=\"700,450\" data-comments-opened=\"0\" data-image-meta=\"{&quot;aperture&quot;:&quot;4&quot;,&quot;credit&quot;:&quot;&quot;,&quot;camera&quot;:&quot;NEX-7&quot;,&quot;caption&quot;:&quot;&quot;,&quot;created_timestamp&quot;:&quot;1516967718&quot;,&quot;copyright&quot;:&quot;&quot;,&quot;focal_length&quot;:&quot;22&quot;,&quot;iso&quot;:&quot;1600&quot;,&quot;shutter_speed&quot;:&quot;0.016666666666667&quot;,&quot;title&quot;:&quot;&quot;,&quot;orientation&quot;:&quot;1&quot;}\" data-image-title=\"M33-05331\" data-image-description=\"\" data-image-caption=\"\" data-medium-file=\"https:\/\/i0.wp.com\/www.fannywalz.com\/fw\/wp-content\/uploads\/2018\/02\/M33-05331.jpg?fit=500%2C321\" data-large-file=\"https:\/\/i0.wp.com\/www.fannywalz.com\/fw\/wp-content\/uploads\/2018\/02\/M33-05331.jpg?fit=480%2C309\" src=\"https:\/\/i0.wp.com\/www.fannywalz.com\/fw\/wp-content\/uploads\/2018\/02\/M33-05331.jpg?resize=480%2C309\" alt=\"MAMCS Strasbourg 2\" width=\"480\" height=\"309\" class=\"aligncenter size-full wp-image-3747\" srcset=\"https:\/\/i0.wp.com\/www.fannywalz.com\/fw\/wp-content\/uploads\/2018\/02\/M33-05331.jpg?w=700 700w, https:\/\/i0.wp.com\/www.fannywalz.com\/fw\/wp-content\/uploads\/2018\/02\/M33-05331.jpg?resize=250%2C161 250w, https:\/\/i0.wp.com\/www.fannywalz.com\/fw\/wp-content\/uploads\/2018\/02\/M33-05331.jpg?resize=500%2C321 500w\" sizes=\"(max-width: 480px) 100vw, 480px\" data-recalc-dims=\"1\" \/><br \/>\n<img loading=\"lazy\" decoding=\"async\" data-attachment-id=\"3748\" data-permalink=\"http:\/\/www.fannywalz.com\/fw\/janvier-2018-inspiration-graphique-exploration-typographique-graphisme-peinture-lettre-strasbourg-alsace\/m33-05332\/\" data-orig-file=\"https:\/\/i0.wp.com\/www.fannywalz.com\/fw\/wp-content\/uploads\/2018\/02\/M33-05332.jpg?fit=700%2C450\" data-orig-size=\"700,450\" data-comments-opened=\"0\" data-image-meta=\"{&quot;aperture&quot;:&quot;5&quot;,&quot;credit&quot;:&quot;&quot;,&quot;camera&quot;:&quot;NEX-7&quot;,&quot;caption&quot;:&quot;&quot;,&quot;created_timestamp&quot;:&quot;1516967813&quot;,&quot;copyright&quot;:&quot;&quot;,&quot;focal_length&quot;:&quot;52&quot;,&quot;iso&quot;:&quot;1600&quot;,&quot;shutter_speed&quot;:&quot;0.025&quot;,&quot;title&quot;:&quot;&quot;,&quot;orientation&quot;:&quot;1&quot;}\" data-image-title=\"M33-05332\" data-image-description=\"\" data-image-caption=\"\" data-medium-file=\"https:\/\/i0.wp.com\/www.fannywalz.com\/fw\/wp-content\/uploads\/2018\/02\/M33-05332.jpg?fit=500%2C321\" data-large-file=\"https:\/\/i0.wp.com\/www.fannywalz.com\/fw\/wp-content\/uploads\/2018\/02\/M33-05332.jpg?fit=480%2C309\" src=\"https:\/\/i0.wp.com\/www.fannywalz.com\/fw\/wp-content\/uploads\/2018\/02\/M33-05332.jpg?resize=480%2C309\" alt=\"MAMCS Strasbourg 3\" width=\"480\" height=\"309\" class=\"aligncenter size-full wp-image-3748\" srcset=\"https:\/\/i0.wp.com\/www.fannywalz.com\/fw\/wp-content\/uploads\/2018\/02\/M33-05332.jpg?w=700 700w, https:\/\/i0.wp.com\/www.fannywalz.com\/fw\/wp-content\/uploads\/2018\/02\/M33-05332.jpg?resize=250%2C161 250w, https:\/\/i0.wp.com\/www.fannywalz.com\/fw\/wp-content\/uploads\/2018\/02\/M33-05332.jpg?resize=500%2C321 500w\" sizes=\"(max-width: 480px) 100vw, 480px\" data-recalc-dims=\"1\" \/><br \/>\n<img loading=\"lazy\" decoding=\"async\" data-attachment-id=\"3749\" data-permalink=\"http:\/\/www.fannywalz.com\/fw\/janvier-2018-inspiration-graphique-exploration-typographique-graphisme-peinture-lettre-strasbourg-alsace\/m33-05340\/\" data-orig-file=\"https:\/\/i0.wp.com\/www.fannywalz.com\/fw\/wp-content\/uploads\/2018\/02\/M33-05340.jpg?fit=700%2C450\" data-orig-size=\"700,450\" data-comments-opened=\"0\" data-image-meta=\"{&quot;aperture&quot;:&quot;4&quot;,&quot;credit&quot;:&quot;&quot;,&quot;camera&quot;:&quot;NEX-7&quot;,&quot;caption&quot;:&quot;&quot;,&quot;created_timestamp&quot;:&quot;1516968072&quot;,&quot;copyright&quot;:&quot;&quot;,&quot;focal_length&quot;:&quot;32&quot;,&quot;iso&quot;:&quot;1600&quot;,&quot;shutter_speed&quot;:&quot;0.02&quot;,&quot;title&quot;:&quot;&quot;,&quot;orientation&quot;:&quot;1&quot;}\" data-image-title=\"M33-05340\" data-image-description=\"\" data-image-caption=\"\" data-medium-file=\"https:\/\/i0.wp.com\/www.fannywalz.com\/fw\/wp-content\/uploads\/2018\/02\/M33-05340.jpg?fit=500%2C321\" data-large-file=\"https:\/\/i0.wp.com\/www.fannywalz.com\/fw\/wp-content\/uploads\/2018\/02\/M33-05340.jpg?fit=480%2C309\" src=\"https:\/\/i0.wp.com\/www.fannywalz.com\/fw\/wp-content\/uploads\/2018\/02\/M33-05340.jpg?resize=480%2C309\" alt=\"MAMCS Strasbourg 4\" width=\"480\" height=\"309\" class=\"aligncenter size-full wp-image-3749\" srcset=\"https:\/\/i0.wp.com\/www.fannywalz.com\/fw\/wp-content\/uploads\/2018\/02\/M33-05340.jpg?w=700 700w, https:\/\/i0.wp.com\/www.fannywalz.com\/fw\/wp-content\/uploads\/2018\/02\/M33-05340.jpg?resize=250%2C161 250w, https:\/\/i0.wp.com\/www.fannywalz.com\/fw\/wp-content\/uploads\/2018\/02\/M33-05340.jpg?resize=500%2C321 500w\" sizes=\"(max-width: 480px) 100vw, 480px\" data-recalc-dims=\"1\" \/><br \/>\n<img loading=\"lazy\" decoding=\"async\" data-attachment-id=\"3750\" data-permalink=\"http:\/\/www.fannywalz.com\/fw\/janvier-2018-inspiration-graphique-exploration-typographique-graphisme-peinture-lettre-strasbourg-alsace\/m33-05351\/\" data-orig-file=\"https:\/\/i0.wp.com\/www.fannywalz.com\/fw\/wp-content\/uploads\/2018\/02\/M33-05351.jpg?fit=700%2C450\" data-orig-size=\"700,450\" data-comments-opened=\"0\" data-image-meta=\"{&quot;aperture&quot;:&quot;4&quot;,&quot;credit&quot;:&quot;&quot;,&quot;camera&quot;:&quot;NEX-7&quot;,&quot;caption&quot;:&quot;&quot;,&quot;created_timestamp&quot;:&quot;1516968681&quot;,&quot;copyright&quot;:&quot;&quot;,&quot;focal_length&quot;:&quot;25&quot;,&quot;iso&quot;:&quot;1600&quot;,&quot;shutter_speed&quot;:&quot;0.025&quot;,&quot;title&quot;:&quot;&quot;,&quot;orientation&quot;:&quot;1&quot;}\" data-image-title=\"M33-05351\" data-image-description=\"\" data-image-caption=\"\" data-medium-file=\"https:\/\/i0.wp.com\/www.fannywalz.com\/fw\/wp-content\/uploads\/2018\/02\/M33-05351.jpg?fit=500%2C321\" data-large-file=\"https:\/\/i0.wp.com\/www.fannywalz.com\/fw\/wp-content\/uploads\/2018\/02\/M33-05351.jpg?fit=480%2C309\" src=\"https:\/\/i0.wp.com\/www.fannywalz.com\/fw\/wp-content\/uploads\/2018\/02\/M33-05351.jpg?resize=480%2C309\" alt=\"MAMCS Strasbourg 5\" width=\"480\" height=\"309\" class=\"aligncenter size-full wp-image-3750\" srcset=\"https:\/\/i0.wp.com\/www.fannywalz.com\/fw\/wp-content\/uploads\/2018\/02\/M33-05351.jpg?w=700 700w, https:\/\/i0.wp.com\/www.fannywalz.com\/fw\/wp-content\/uploads\/2018\/02\/M33-05351.jpg?resize=250%2C161 250w, https:\/\/i0.wp.com\/www.fannywalz.com\/fw\/wp-content\/uploads\/2018\/02\/M33-05351.jpg?resize=500%2C321 500w\" sizes=\"(max-width: 480px) 100vw, 480px\" data-recalc-dims=\"1\" \/><br \/>\n<img loading=\"lazy\" decoding=\"async\" data-attachment-id=\"3751\" data-permalink=\"http:\/\/www.fannywalz.com\/fw\/janvier-2018-inspiration-graphique-exploration-typographique-graphisme-peinture-lettre-strasbourg-alsace\/m33-05361\/\" data-orig-file=\"https:\/\/i0.wp.com\/www.fannywalz.com\/fw\/wp-content\/uploads\/2018\/02\/M33-05361.jpg?fit=700%2C450\" data-orig-size=\"700,450\" data-comments-opened=\"0\" data-image-meta=\"{&quot;aperture&quot;:&quot;4&quot;,&quot;credit&quot;:&quot;&quot;,&quot;camera&quot;:&quot;NEX-7&quot;,&quot;caption&quot;:&quot;&quot;,&quot;created_timestamp&quot;:&quot;1516968944&quot;,&quot;copyright&quot;:&quot;&quot;,&quot;focal_length&quot;:&quot;21&quot;,&quot;iso&quot;:&quot;1600&quot;,&quot;shutter_speed&quot;:&quot;0.016666666666667&quot;,&quot;title&quot;:&quot;&quot;,&quot;orientation&quot;:&quot;1&quot;}\" data-image-title=\"M33-05361\" data-image-description=\"\" data-image-caption=\"\" data-medium-file=\"https:\/\/i0.wp.com\/www.fannywalz.com\/fw\/wp-content\/uploads\/2018\/02\/M33-05361.jpg?fit=500%2C321\" data-large-file=\"https:\/\/i0.wp.com\/www.fannywalz.com\/fw\/wp-content\/uploads\/2018\/02\/M33-05361.jpg?fit=480%2C309\" src=\"https:\/\/i0.wp.com\/www.fannywalz.com\/fw\/wp-content\/uploads\/2018\/02\/M33-05361.jpg?resize=480%2C309\" alt=\"MAMCS Strasbourg 6\" width=\"480\" height=\"309\" class=\"aligncenter size-full wp-image-3751\" srcset=\"https:\/\/i0.wp.com\/www.fannywalz.com\/fw\/wp-content\/uploads\/2018\/02\/M33-05361.jpg?w=700 700w, https:\/\/i0.wp.com\/www.fannywalz.com\/fw\/wp-content\/uploads\/2018\/02\/M33-05361.jpg?resize=250%2C161 250w, https:\/\/i0.wp.com\/www.fannywalz.com\/fw\/wp-content\/uploads\/2018\/02\/M33-05361.jpg?resize=500%2C321 500w\" sizes=\"(max-width: 480px) 100vw, 480px\" data-recalc-dims=\"1\" \/><br \/>\n<img loading=\"lazy\" decoding=\"async\" data-attachment-id=\"3752\" data-permalink=\"http:\/\/www.fannywalz.com\/fw\/janvier-2018-inspiration-graphique-exploration-typographique-graphisme-peinture-lettre-strasbourg-alsace\/m33-05366\/\" data-orig-file=\"https:\/\/i0.wp.com\/www.fannywalz.com\/fw\/wp-content\/uploads\/2018\/02\/M33-05366.jpg?fit=700%2C450\" data-orig-size=\"700,450\" data-comments-opened=\"0\" data-image-meta=\"{&quot;aperture&quot;:&quot;4&quot;,&quot;credit&quot;:&quot;&quot;,&quot;camera&quot;:&quot;NEX-7&quot;,&quot;caption&quot;:&quot;&quot;,&quot;created_timestamp&quot;:&quot;1516969123&quot;,&quot;copyright&quot;:&quot;&quot;,&quot;focal_length&quot;:&quot;27&quot;,&quot;iso&quot;:&quot;1600&quot;,&quot;shutter_speed&quot;:&quot;0.02&quot;,&quot;title&quot;:&quot;&quot;,&quot;orientation&quot;:&quot;1&quot;}\" data-image-title=\"M33-05366\" data-image-description=\"\" data-image-caption=\"\" data-medium-file=\"https:\/\/i0.wp.com\/www.fannywalz.com\/fw\/wp-content\/uploads\/2018\/02\/M33-05366.jpg?fit=500%2C321\" data-large-file=\"https:\/\/i0.wp.com\/www.fannywalz.com\/fw\/wp-content\/uploads\/2018\/02\/M33-05366.jpg?fit=480%2C309\" src=\"https:\/\/i0.wp.com\/www.fannywalz.com\/fw\/wp-content\/uploads\/2018\/02\/M33-05366.jpg?resize=480%2C309\" alt=\"MAMCS Strasbourg 7\" width=\"480\" height=\"309\" class=\"aligncenter size-full wp-image-3752\" srcset=\"https:\/\/i0.wp.com\/www.fannywalz.com\/fw\/wp-content\/uploads\/2018\/02\/M33-05366.jpg?w=700 700w, https:\/\/i0.wp.com\/www.fannywalz.com\/fw\/wp-content\/uploads\/2018\/02\/M33-05366.jpg?resize=250%2C161 250w, https:\/\/i0.wp.com\/www.fannywalz.com\/fw\/wp-content\/uploads\/2018\/02\/M33-05366.jpg?resize=500%2C321 500w\" sizes=\"(max-width: 480px) 100vw, 480px\" data-recalc-dims=\"1\" \/><br \/>\n<img loading=\"lazy\" decoding=\"async\" data-attachment-id=\"3753\" data-permalink=\"http:\/\/www.fannywalz.com\/fw\/janvier-2018-inspiration-graphique-exploration-typographique-graphisme-peinture-lettre-strasbourg-alsace\/m33-05406\/\" data-orig-file=\"https:\/\/i0.wp.com\/www.fannywalz.com\/fw\/wp-content\/uploads\/2018\/02\/M33-05406.jpg?fit=700%2C450\" data-orig-size=\"700,450\" data-comments-opened=\"0\" data-image-meta=\"{&quot;aperture&quot;:&quot;4.5&quot;,&quot;credit&quot;:&quot;&quot;,&quot;camera&quot;:&quot;NEX-7&quot;,&quot;caption&quot;:&quot;&quot;,&quot;created_timestamp&quot;:&quot;1516971019&quot;,&quot;copyright&quot;:&quot;&quot;,&quot;focal_length&quot;:&quot;33&quot;,&quot;iso&quot;:&quot;1600&quot;,&quot;shutter_speed&quot;:&quot;0.02&quot;,&quot;title&quot;:&quot;&quot;,&quot;orientation&quot;:&quot;1&quot;}\" data-image-title=\"M33-05406\" data-image-description=\"\" data-image-caption=\"\" data-medium-file=\"https:\/\/i0.wp.com\/www.fannywalz.com\/fw\/wp-content\/uploads\/2018\/02\/M33-05406.jpg?fit=500%2C321\" data-large-file=\"https:\/\/i0.wp.com\/www.fannywalz.com\/fw\/wp-content\/uploads\/2018\/02\/M33-05406.jpg?fit=480%2C309\" src=\"https:\/\/i0.wp.com\/www.fannywalz.com\/fw\/wp-content\/uploads\/2018\/02\/M33-05406.jpg?resize=480%2C309\" alt=\"MAMCS Strasbourg 8\" width=\"480\" height=\"309\" class=\"aligncenter size-full wp-image-3753\" srcset=\"https:\/\/i0.wp.com\/www.fannywalz.com\/fw\/wp-content\/uploads\/2018\/02\/M33-05406.jpg?w=700 700w, https:\/\/i0.wp.com\/www.fannywalz.com\/fw\/wp-content\/uploads\/2018\/02\/M33-05406.jpg?resize=250%2C161 250w, https:\/\/i0.wp.com\/www.fannywalz.com\/fw\/wp-content\/uploads\/2018\/02\/M33-05406.jpg?resize=500%2C321 500w\" sizes=\"(max-width: 480px) 100vw, 480px\" data-recalc-dims=\"1\" \/><br \/>\n<br \/>\nJe suis \u00e9galement all\u00e9e \u00e9couter \u00c9tienne Robial \u00e0 la <a href=\"http:\/\/www.hear.fr\/agenda\/graphisme-techne-etienne-robial\/\" rel=\"noopener\" target=\"_blank\">HEAR<\/a>. Il me conforte dans l&rsquo;id\u00e9e qu&rsquo;il n&rsquo;y a <em><span style=\"color:#ed7889;\">qu&rsquo;une seule r\u00e9ponse, qu&rsquo;une seule solution aux questions et probl\u00e8mes<\/span><\/em> (graphiques) <em>pos\u00e9s<\/em>. Il ne reste plus qu&rsquo;\u00e0 <em>installer mes convictions, mes certitudes et mon r\u00f4le de prescripteur<\/em>. J&rsquo;y apprends aussi qu&rsquo;il ne faudrait pas mettre de S \u00e0 EURO, je vais essayer de convaincre mes clients\u2026 <\/p>\n<h2>Inspiration bis<\/h2>\n<p>Et pour terminer deux petites p\u00e9pites : <\/p>\n<p>Sur le blog de <a href=\"https:\/\/lu-cieandco.blogspot.fr\" rel=\"noopener\" target=\"_blank\">Lu cie &#038; co<\/a> je d\u00e9couvre tardivement cette superbe initiative : la <span style=\"color:#ed7889;\">cr\u00e9ation d&rsquo;un ab\u00e9c\u00e9daire<\/span> par 27 auteurs diff\u00e9rents. Chaque lettre \u2013 ainsi qu&rsquo;une une s\u00e9rie de mots associ\u00e9s \u2013 est illustr\u00e9e par un auteur tir\u00e9 au sort. Cela donne lieu \u00e0 l&rsquo;exposition \u00ab\u00a0ABC, l&rsquo;esprit de la lettre\u00a0\u00bb au salon du livre de Francfort. Le r\u00e9sultat est exquis !<br \/>\nC&rsquo;est \u00e0 voir <a href=\"https:\/\/lu-cieandco.blogspot.fr\/2017\/10\/labecedaire-de-la-litterature-jeunesse.html\" rel=\"noopener\" target=\"_blank\">ici<\/a>.<\/p>\n<p><img decoding=\"async\" data-attachment-id=\"3666\" data-permalink=\"http:\/\/www.fannywalz.com\/fw\/janvier-2018-inspiration-graphique-exploration-typographique-graphisme-peinture-lettre-strasbourg-alsace\/abc-lesprit-de-la-lettre-lu-cie-and-co2\/\" data-orig-file=\"https:\/\/i0.wp.com\/www.fannywalz.com\/fw\/wp-content\/uploads\/2018\/01\/ABC-lesprit-de-la-lettre-lu-cie-and-co2.png?fit=1815%2C861\" data-orig-size=\"1815,861\" data-comments-opened=\"0\" data-image-meta=\"{&quot;aperture&quot;:&quot;0&quot;,&quot;credit&quot;:&quot;&quot;,&quot;camera&quot;:&quot;&quot;,&quot;caption&quot;:&quot;&quot;,&quot;created_timestamp&quot;:&quot;0&quot;,&quot;copyright&quot;:&quot;&quot;,&quot;focal_length&quot;:&quot;0&quot;,&quot;iso&quot;:&quot;0&quot;,&quot;shutter_speed&quot;:&quot;0&quot;,&quot;title&quot;:&quot;&quot;,&quot;orientation&quot;:&quot;0&quot;}\" data-image-title=\"ABC, l&amp;rsquo;esprit de la lettre lu cie and co2\" data-image-description=\"\" data-image-caption=\"\" data-medium-file=\"https:\/\/i0.wp.com\/www.fannywalz.com\/fw\/wp-content\/uploads\/2018\/01\/ABC-lesprit-de-la-lettre-lu-cie-and-co2.png?fit=500%2C237\" data-large-file=\"https:\/\/i0.wp.com\/www.fannywalz.com\/fw\/wp-content\/uploads\/2018\/01\/ABC-lesprit-de-la-lettre-lu-cie-and-co2.png?fit=480%2C228\" src=\"https:\/\/i0.wp.com\/www.fannywalz.com\/fw\/wp-content\/uploads\/2018\/01\/ABC-lesprit-de-la-lettre-lu-cie-and-co2.png?w=480\" alt=\"ABC, l&#039;esprit de la lettre lu cie and co\"  class=\"aligncenter size-full wp-image-3666\" srcset=\"https:\/\/i0.wp.com\/www.fannywalz.com\/fw\/wp-content\/uploads\/2018\/01\/ABC-lesprit-de-la-lettre-lu-cie-and-co2.png?w=1815 1815w, https:\/\/i0.wp.com\/www.fannywalz.com\/fw\/wp-content\/uploads\/2018\/01\/ABC-lesprit-de-la-lettre-lu-cie-and-co2.png?resize=250%2C119 250w, https:\/\/i0.wp.com\/www.fannywalz.com\/fw\/wp-content\/uploads\/2018\/01\/ABC-lesprit-de-la-lettre-lu-cie-and-co2.png?resize=500%2C237 500w, https:\/\/i0.wp.com\/www.fannywalz.com\/fw\/wp-content\/uploads\/2018\/01\/ABC-lesprit-de-la-lettre-lu-cie-and-co2.png?resize=700%2C332 700w, https:\/\/i0.wp.com\/www.fannywalz.com\/fw\/wp-content\/uploads\/2018\/01\/ABC-lesprit-de-la-lettre-lu-cie-and-co2.png?resize=738%2C350 738w, https:\/\/i0.wp.com\/www.fannywalz.com\/fw\/wp-content\/uploads\/2018\/01\/ABC-lesprit-de-la-lettre-lu-cie-and-co2.png?resize=1458%2C692 1458w, https:\/\/i0.wp.com\/www.fannywalz.com\/fw\/wp-content\/uploads\/2018\/01\/ABC-lesprit-de-la-lettre-lu-cie-and-co2.png?resize=996%2C472 996w\" sizes=\"(max-width: 480px) 100vw, 480px\" data-recalc-dims=\"1\" \/><\/p>\n<p>\nJe d\u00e9couvre le travail d&rsquo;<a href=\"http:\/\/antoniorodriguesjr.com\/index.html#work\" rel=\"noopener\" target=\"_blank\">Antonio Rodrigues Jr.<\/a> et tout particuli\u00e8rement <a href=\"https:\/\/www.typography-nerd.de\/Feat-\/Cardboard-Alphabet\/\" rel=\"noopener\" target=\"_blank\">ce projet d&rsquo;alphabet en carton<\/a> \u00e0 composer soit m\u00eame qui est tout simplement magnifique. <\/p>\n<p><img decoding=\"async\" data-attachment-id=\"3740\" data-permalink=\"http:\/\/www.fannywalz.com\/fw\/janvier-2018-inspiration-graphique-exploration-typographique-graphisme-peinture-lettre-strasbourg-alsace\/cardboard-alphabet_02\/\" data-orig-file=\"https:\/\/i0.wp.com\/www.fannywalz.com\/fw\/wp-content\/uploads\/2018\/02\/cardboard-alphabet_02.jpg?fit=1400%2C466\" data-orig-size=\"1400,466\" data-comments-opened=\"0\" data-image-meta=\"{&quot;aperture&quot;:&quot;0&quot;,&quot;credit&quot;:&quot;&quot;,&quot;camera&quot;:&quot;&quot;,&quot;caption&quot;:&quot;&quot;,&quot;created_timestamp&quot;:&quot;0&quot;,&quot;copyright&quot;:&quot;&quot;,&quot;focal_length&quot;:&quot;0&quot;,&quot;iso&quot;:&quot;0&quot;,&quot;shutter_speed&quot;:&quot;0&quot;,&quot;title&quot;:&quot;&quot;,&quot;orientation&quot;:&quot;0&quot;}\" data-image-title=\"cardboard-alphabet_02\" data-image-description=\"\" data-image-caption=\"\" data-medium-file=\"https:\/\/i0.wp.com\/www.fannywalz.com\/fw\/wp-content\/uploads\/2018\/02\/cardboard-alphabet_02.jpg?fit=500%2C166\" data-large-file=\"https:\/\/i0.wp.com\/www.fannywalz.com\/fw\/wp-content\/uploads\/2018\/02\/cardboard-alphabet_02.jpg?fit=480%2C160\" src=\"https:\/\/i0.wp.com\/www.fannywalz.com\/fw\/wp-content\/uploads\/2018\/02\/cardboard-alphabet_02.jpg?w=480\" alt=\"Alphabet Antonio Rodrigues\"  class=\"aligncenter size-full wp-image-3740\" srcset=\"https:\/\/i0.wp.com\/www.fannywalz.com\/fw\/wp-content\/uploads\/2018\/02\/cardboard-alphabet_02.jpg?w=1400 1400w, https:\/\/i0.wp.com\/www.fannywalz.com\/fw\/wp-content\/uploads\/2018\/02\/cardboard-alphabet_02.jpg?resize=250%2C83 250w, https:\/\/i0.wp.com\/www.fannywalz.com\/fw\/wp-content\/uploads\/2018\/02\/cardboard-alphabet_02.jpg?resize=500%2C166 500w, https:\/\/i0.wp.com\/www.fannywalz.com\/fw\/wp-content\/uploads\/2018\/02\/cardboard-alphabet_02.jpg?resize=700%2C233 700w, https:\/\/i0.wp.com\/www.fannywalz.com\/fw\/wp-content\/uploads\/2018\/02\/cardboard-alphabet_02.jpg?resize=738%2C246 738w, https:\/\/i0.wp.com\/www.fannywalz.com\/fw\/wp-content\/uploads\/2018\/02\/cardboard-alphabet_02.jpg?resize=996%2C332 996w\" sizes=\"(max-width: 480px) 100vw, 480px\" data-recalc-dims=\"1\" \/><\/p>\n","protected":false},"excerpt":{"rendered":"<p>En janvier, je suis sortie de mon hibernation pour tracer des lettres en quelques coups de pinceaux. Arm\u00e9e de pinceaux Mack et de peinture Ronan Aquacote et System 3, je reprends les bases et trouve une aisance insoup\u00e7onn\u00e9e. Je trouve dans la peinture en lettres quelque chose de fascinant. Outre le r\u00e9sultat graphique, le processus &#8230;<\/p>\n","protected":false},"author":1,"featured_media":0,"comment_status":"closed","ping_status":"closed","sticky":false,"template":"","format":"standard","meta":{"jetpack_post_was_ever_published":false,"_jetpack_newsletter_access":"","_jetpack_dont_email_post_to_subs":false,"_jetpack_newsletter_tier_id":0,"_jetpack_memberships_contains_paywalled_content":false,"_jetpack_memberships_contains_paid_content":false,"footnotes":""},"categories":[38],"tags":[],"yoast_head":"<!-- This site is optimized with the Yoast SEO plugin v24.4 - https:\/\/yoast.com\/wordpress\/plugins\/seo\/ -->\n<title>Janvier 2018 - Fanny Walz<\/title>\n<meta name=\"robots\" content=\"index, follow, max-snippet:-1, max-image-preview:large, max-video-preview:-1\" \/>\n<link rel=\"canonical\" href=\"http:\/\/www.fannywalz.com\/fw\/janvier-2018-inspiration-graphique-exploration-typographique-graphisme-peinture-lettre-strasbourg-alsace\/\" \/>\n<meta property=\"og:locale\" content=\"fr_FR\" \/>\n<meta property=\"og:type\" content=\"article\" \/>\n<meta property=\"og:title\" content=\"Janvier 2018 - Fanny Walz\" \/>\n<meta property=\"og:description\" content=\"En janvier, je suis sortie de mon hibernation pour tracer des lettres en quelques coups de pinceaux. Arm\u00e9e de pinceaux Mack et de peinture Ronan Aquacote et System 3, je reprends les bases et trouve une aisance insoup\u00e7onn\u00e9e. Je trouve dans la peinture en lettres quelque chose de fascinant. Outre le r\u00e9sultat graphique, le processus ...\" \/>\n<meta property=\"og:url\" content=\"http:\/\/www.fannywalz.com\/fw\/janvier-2018-inspiration-graphique-exploration-typographique-graphisme-peinture-lettre-strasbourg-alsace\/\" \/>\n<meta property=\"og:site_name\" content=\"Fanny Walz\" \/>\n<meta property=\"article:published_time\" content=\"2018-02-05T16:31:57+00:00\" \/>\n<meta property=\"article:modified_time\" content=\"2018-02-06T11:32:53+00:00\" \/>\n<meta property=\"og:image\" content=\"http:\/\/www.fannywalz.com\/fw\/wp-content\/uploads\/2018\/02\/instagram-lettres-carte-anniversaire.jpg\" \/>\n<meta name=\"author\" content=\"fw831112\" \/>\n<meta name=\"twitter:card\" content=\"summary_large_image\" \/>\n<meta name=\"twitter:label1\" content=\"\u00c9crit par\" \/>\n\t<meta name=\"twitter:data1\" content=\"fw831112\" \/>\n\t<meta name=\"twitter:label2\" content=\"Dur\u00e9e de lecture estim\u00e9e\" \/>\n\t<meta name=\"twitter:data2\" content=\"2 minutes\" \/>\n<script type=\"application\/ld+json\" class=\"yoast-schema-graph\">{\"@context\":\"https:\/\/schema.org\",\"@graph\":[{\"@type\":\"WebPage\",\"@id\":\"http:\/\/www.fannywalz.com\/fw\/janvier-2018-inspiration-graphique-exploration-typographique-graphisme-peinture-lettre-strasbourg-alsace\/\",\"url\":\"http:\/\/www.fannywalz.com\/fw\/janvier-2018-inspiration-graphique-exploration-typographique-graphisme-peinture-lettre-strasbourg-alsace\/\",\"name\":\"Janvier 2018 - Fanny Walz\",\"isPartOf\":{\"@id\":\"http:\/\/www.fannywalz.com\/fw\/#website\"},\"primaryImageOfPage\":{\"@id\":\"http:\/\/www.fannywalz.com\/fw\/janvier-2018-inspiration-graphique-exploration-typographique-graphisme-peinture-lettre-strasbourg-alsace\/#primaryimage\"},\"image\":{\"@id\":\"http:\/\/www.fannywalz.com\/fw\/janvier-2018-inspiration-graphique-exploration-typographique-graphisme-peinture-lettre-strasbourg-alsace\/#primaryimage\"},\"thumbnailUrl\":\"http:\/\/www.fannywalz.com\/fw\/wp-content\/uploads\/2018\/02\/instagram-lettres-carte-anniversaire.jpg\",\"datePublished\":\"2018-02-05T16:31:57+00:00\",\"dateModified\":\"2018-02-06T11:32:53+00:00\",\"author\":{\"@id\":\"http:\/\/www.fannywalz.com\/fw\/#\/schema\/person\/cbf435df357c9a89cdc2490e545b482e\"},\"breadcrumb\":{\"@id\":\"http:\/\/www.fannywalz.com\/fw\/janvier-2018-inspiration-graphique-exploration-typographique-graphisme-peinture-lettre-strasbourg-alsace\/#breadcrumb\"},\"inLanguage\":\"fr-FR\",\"potentialAction\":[{\"@type\":\"ReadAction\",\"target\":[\"http:\/\/www.fannywalz.com\/fw\/janvier-2018-inspiration-graphique-exploration-typographique-graphisme-peinture-lettre-strasbourg-alsace\/\"]}]},{\"@type\":\"ImageObject\",\"inLanguage\":\"fr-FR\",\"@id\":\"http:\/\/www.fannywalz.com\/fw\/janvier-2018-inspiration-graphique-exploration-typographique-graphisme-peinture-lettre-strasbourg-alsace\/#primaryimage\",\"url\":\"https:\/\/i0.wp.com\/www.fannywalz.com\/fw\/wp-content\/uploads\/2018\/02\/instagram-lettres-carte-anniversaire.jpg?fit=700%2C450\",\"contentUrl\":\"https:\/\/i0.wp.com\/www.fannywalz.com\/fw\/wp-content\/uploads\/2018\/02\/instagram-lettres-carte-anniversaire.jpg?fit=700%2C450\",\"width\":700,\"height\":450,\"caption\":\"Carte d'anniversaire en lettres peintes\"},{\"@type\":\"BreadcrumbList\",\"@id\":\"http:\/\/www.fannywalz.com\/fw\/janvier-2018-inspiration-graphique-exploration-typographique-graphisme-peinture-lettre-strasbourg-alsace\/#breadcrumb\",\"itemListElement\":[{\"@type\":\"ListItem\",\"position\":1,\"name\":\"Accueil\",\"item\":\"http:\/\/www.fannywalz.com\/fw\/\"},{\"@type\":\"ListItem\",\"position\":2,\"name\":\"Janvier 2018\"}]},{\"@type\":\"WebSite\",\"@id\":\"http:\/\/www.fannywalz.com\/fw\/#website\",\"url\":\"http:\/\/www.fannywalz.com\/fw\/\",\"name\":\"Fanny Walz\",\"description\":\"Graphisme et cr\u00e9ations artisanales\",\"potentialAction\":[{\"@type\":\"SearchAction\",\"target\":{\"@type\":\"EntryPoint\",\"urlTemplate\":\"http:\/\/www.fannywalz.com\/fw\/?s={search_term_string}\"},\"query-input\":{\"@type\":\"PropertyValueSpecification\",\"valueRequired\":true,\"valueName\":\"search_term_string\"}}],\"inLanguage\":\"fr-FR\"},{\"@type\":\"Person\",\"@id\":\"http:\/\/www.fannywalz.com\/fw\/#\/schema\/person\/cbf435df357c9a89cdc2490e545b482e\",\"name\":\"fw831112\",\"url\":\"http:\/\/www.fannywalz.com\/fw\/author\/fw831112\/\"}]}<\/script>\n<!-- \/ Yoast SEO plugin. -->","yoast_head_json":{"title":"Janvier 2018 - Fanny Walz","robots":{"index":"index","follow":"follow","max-snippet":"max-snippet:-1","max-image-preview":"max-image-preview:large","max-video-preview":"max-video-preview:-1"},"canonical":"http:\/\/www.fannywalz.com\/fw\/janvier-2018-inspiration-graphique-exploration-typographique-graphisme-peinture-lettre-strasbourg-alsace\/","og_locale":"fr_FR","og_type":"article","og_title":"Janvier 2018 - Fanny Walz","og_description":"En janvier, je suis sortie de mon hibernation pour tracer des lettres en quelques coups de pinceaux. Arm\u00e9e de pinceaux Mack et de peinture Ronan Aquacote et System 3, je reprends les bases et trouve une aisance insoup\u00e7onn\u00e9e. Je trouve dans la peinture en lettres quelque chose de fascinant. Outre le r\u00e9sultat graphique, le processus ...","og_url":"http:\/\/www.fannywalz.com\/fw\/janvier-2018-inspiration-graphique-exploration-typographique-graphisme-peinture-lettre-strasbourg-alsace\/","og_site_name":"Fanny Walz","article_published_time":"2018-02-05T16:31:57+00:00","article_modified_time":"2018-02-06T11:32:53+00:00","og_image":[{"url":"http:\/\/www.fannywalz.com\/fw\/wp-content\/uploads\/2018\/02\/instagram-lettres-carte-anniversaire.jpg","type":"","width":"","height":""}],"author":"fw831112","twitter_card":"summary_large_image","twitter_misc":{"\u00c9crit par":"fw831112","Dur\u00e9e de lecture estim\u00e9e":"2 minutes"},"schema":{"@context":"https:\/\/schema.org","@graph":[{"@type":"WebPage","@id":"http:\/\/www.fannywalz.com\/fw\/janvier-2018-inspiration-graphique-exploration-typographique-graphisme-peinture-lettre-strasbourg-alsace\/","url":"http:\/\/www.fannywalz.com\/fw\/janvier-2018-inspiration-graphique-exploration-typographique-graphisme-peinture-lettre-strasbourg-alsace\/","name":"Janvier 2018 - Fanny Walz","isPartOf":{"@id":"http:\/\/www.fannywalz.com\/fw\/#website"},"primaryImageOfPage":{"@id":"http:\/\/www.fannywalz.com\/fw\/janvier-2018-inspiration-graphique-exploration-typographique-graphisme-peinture-lettre-strasbourg-alsace\/#primaryimage"},"image":{"@id":"http:\/\/www.fannywalz.com\/fw\/janvier-2018-inspiration-graphique-exploration-typographique-graphisme-peinture-lettre-strasbourg-alsace\/#primaryimage"},"thumbnailUrl":"http:\/\/www.fannywalz.com\/fw\/wp-content\/uploads\/2018\/02\/instagram-lettres-carte-anniversaire.jpg","datePublished":"2018-02-05T16:31:57+00:00","dateModified":"2018-02-06T11:32:53+00:00","author":{"@id":"http:\/\/www.fannywalz.com\/fw\/#\/schema\/person\/cbf435df357c9a89cdc2490e545b482e"},"breadcrumb":{"@id":"http:\/\/www.fannywalz.com\/fw\/janvier-2018-inspiration-graphique-exploration-typographique-graphisme-peinture-lettre-strasbourg-alsace\/#breadcrumb"},"inLanguage":"fr-FR","potentialAction":[{"@type":"ReadAction","target":["http:\/\/www.fannywalz.com\/fw\/janvier-2018-inspiration-graphique-exploration-typographique-graphisme-peinture-lettre-strasbourg-alsace\/"]}]},{"@type":"ImageObject","inLanguage":"fr-FR","@id":"http:\/\/www.fannywalz.com\/fw\/janvier-2018-inspiration-graphique-exploration-typographique-graphisme-peinture-lettre-strasbourg-alsace\/#primaryimage","url":"https:\/\/i0.wp.com\/www.fannywalz.com\/fw\/wp-content\/uploads\/2018\/02\/instagram-lettres-carte-anniversaire.jpg?fit=700%2C450","contentUrl":"https:\/\/i0.wp.com\/www.fannywalz.com\/fw\/wp-content\/uploads\/2018\/02\/instagram-lettres-carte-anniversaire.jpg?fit=700%2C450","width":700,"height":450,"caption":"Carte d'anniversaire en lettres peintes"},{"@type":"BreadcrumbList","@id":"http:\/\/www.fannywalz.com\/fw\/janvier-2018-inspiration-graphique-exploration-typographique-graphisme-peinture-lettre-strasbourg-alsace\/#breadcrumb","itemListElement":[{"@type":"ListItem","position":1,"name":"Accueil","item":"http:\/\/www.fannywalz.com\/fw\/"},{"@type":"ListItem","position":2,"name":"Janvier 2018"}]},{"@type":"WebSite","@id":"http:\/\/www.fannywalz.com\/fw\/#website","url":"http:\/\/www.fannywalz.com\/fw\/","name":"Fanny Walz","description":"Graphisme et cr\u00e9ations artisanales","potentialAction":[{"@type":"SearchAction","target":{"@type":"EntryPoint","urlTemplate":"http:\/\/www.fannywalz.com\/fw\/?s={search_term_string}"},"query-input":{"@type":"PropertyValueSpecification","valueRequired":true,"valueName":"search_term_string"}}],"inLanguage":"fr-FR"},{"@type":"Person","@id":"http:\/\/www.fannywalz.com\/fw\/#\/schema\/person\/cbf435df357c9a89cdc2490e545b482e","name":"fw831112","url":"http:\/\/www.fannywalz.com\/fw\/author\/fw831112\/"}]}},"jetpack_featured_media_url":"","jetpack_sharing_enabled":true,"jetpack_shortlink":"https:\/\/wp.me\/p7CG5d-X1","_links":{"self":[{"href":"http:\/\/www.fannywalz.com\/fw\/wp-json\/wp\/v2\/posts\/3659"}],"collection":[{"href":"http:\/\/www.fannywalz.com\/fw\/wp-json\/wp\/v2\/posts"}],"about":[{"href":"http:\/\/www.fannywalz.com\/fw\/wp-json\/wp\/v2\/types\/post"}],"author":[{"embeddable":true,"href":"http:\/\/www.fannywalz.com\/fw\/wp-json\/wp\/v2\/users\/1"}],"replies":[{"embeddable":true,"href":"http:\/\/www.fannywalz.com\/fw\/wp-json\/wp\/v2\/comments?post=3659"}],"version-history":[{"count":52,"href":"http:\/\/www.fannywalz.com\/fw\/wp-json\/wp\/v2\/posts\/3659\/revisions"}],"predecessor-version":[{"id":3774,"href":"http:\/\/www.fannywalz.com\/fw\/wp-json\/wp\/v2\/posts\/3659\/revisions\/3774"}],"wp:attachment":[{"href":"http:\/\/www.fannywalz.com\/fw\/wp-json\/wp\/v2\/media?parent=3659"}],"wp:term":[{"taxonomy":"category","embeddable":true,"href":"http:\/\/www.fannywalz.com\/fw\/wp-json\/wp\/v2\/categories?post=3659"},{"taxonomy":"post_tag","embeddable":true,"href":"http:\/\/www.fannywalz.com\/fw\/wp-json\/wp\/v2\/tags?post=3659"}],"curies":[{"name":"wp","href":"https:\/\/api.w.org\/{rel}","templated":true}]}}